{"id":1,"date":"2024-03-06T08:32:10","date_gmt":"2024-03-06T08:32:10","guid":{"rendered":"https:\/\/www.sparqbalustrades.nl\/?p=1"},"modified":"2024-09-03T12:56:18","modified_gmt":"2024-09-03T12:56:18","slug":"assisterende-montor","status":"publish","type":"post","link":"https:\/\/www.sparqbalustrades.nl\/da\/assistent-montagemedewerker\/","title":{"rendered":"Assisterende mont\u00f8r"},"content":{"rendered":"<div class=\"fusion-fullwidth fullwidth-box fusion-builder-row-1 fusion-flex-container has-pattern-background has-mask-background nonhundred-percent-fullwidth non-hundred-percent-height-scrolling\" style=\"--awb-border-radius-top-left:0px;--awb-border-radius-top-right:0px;--awb-border-radius-bottom-right:0px;--awb-border-radius-bottom-left:0px;--awb-flex-wrap:wrap;\" ><div class=\"fusion-builder-row fusion-row fusion-flex-align-items-flex-start fusion-flex-content-wrap\" style=\"max-width:1248px;margin-left: calc(-4% \/ 2 );margin-right: calc(-4% \/ 2 );\"><div class=\"fusion-layout-column fusion_builder_column fusion-builder-column-0 fusion_builder_column_1_1 1_1 fusion-flex-column\" style=\"--awb-bg-size:cover;--awb-width-large:100%;--awb-margin-top-large:0px;--awb-spacing-right-large:1.92%;--awb-margin-bottom-large:20px;--awb-spacing-left-large:1.92%;--awb-width-medium:100%;--awb-order-medium:0;--awb-spacing-right-medium:1.92%;--awb-spacing-left-medium:1.92%;--awb-width-small:100%;--awb-order-small:0;--awb-spacing-right-small:1.92%;--awb-spacing-left-small:1.92%;\"><div class=\"fusion-column-wrapper fusion-column-has-shadow fusion-flex-justify-content-flex-start fusion-content-layout-column\"><div class=\"fusion-text fusion-text-1\"><h1>Hej, kommende mekaniker hos SPARQ!<\/h1>\n<p>SPARQ Balustrades, rart at m\u00f8de dig! Vi leverer og monterer glasgel\u00e6ndere i topkvalitet til stilfulde bygge- og renoveringsprojekter. Fra vores hjemmebase i Heerenveen betjener vi Holland og Belgien og eksporterer til andre lande i Europa. Vi str\u00e6ber efter b\u00e6redygtighed og innovation og arbejder p\u00e5 at finde de bedste l\u00f8sninger for vores kunder. Vi er et t\u00e6t sammenknyttet team p\u00e5 20 personer, hvor alle har deres egen ekspertise. Men at arbejde sammen er altafg\u00f8rende for os. S\u00e5 du kan virkelig g\u00f8re en forskel med dit engagement og din entusiasme.<\/p>\n<h2>Din rolle som assisterende mont\u00f8r<\/h2>\n<p>I denne rolle skal du hj\u00e6lpe med at installere balustrader og andre glasprodukter. Du kommer til at arbejde t\u00e6t sammen med vores formand eller en erfaren mont\u00f8r. Du kommer til at arbejde i hele Holland og nogle gange i Belgien p\u00e5 specielle og ofte luksuri\u00f8se bygninger. Sikkerhed og kvalitet er vigtigt, s\u00e5 vi s\u00f8rger for god supervision og sikrer, at du har de rigtige personlige v\u00e6rnemidler. Der er ogs\u00e5 plads til dine ideer til at g\u00f8re vores processer endnu bedre.<\/p>\n<h2>Hvad vi er p\u00e5 udkig efter...<\/h2>\n<ul>\n<li>MBO-arbejde og -t\u00e6nkning<\/li>\n<li>Teknisk indsigt<\/li>\n<li>Repr\u00e6sentant<\/li>\n<li>V\u00e6re i stand til at arbejde p\u00e6nt og sikkert<\/li>\n<\/ul>\n<h2>Hvad du kan forvente...<\/h2>\n<ul>\n<li>Et afvekslende job med masser af frihed og ansvar<\/li>\n<li>Fuldtidsbesk\u00e6ftigelse<\/li>\n<li>25 helligdage og 13 ATV-dage<\/li>\n<li>L\u00f8nindikation: \u20ac 1800 - \u20ac 2500, afh\u00e6ngigt af alder og erfaring<\/li>\n<li>Sted Heerenveen, arbejder hovedsageligt p\u00e5 stedet<\/li>\n<li>Udsigt til en permanent kontrakt<\/li>\n<li>Mulighed for at udvikle sig til selvst\u00e6ndig mekaniker og samarbejdende v\u00e6rkf\u00f8rer.<\/li>\n<\/ul>\n<p>Er du interesseret? Send din motivation og dit CV til jorrit@sparqbalustrades.nl. Har du sp\u00f8rgsm\u00e5l? Ring til Jorrit p\u00e5 06-48692549.<\/p>\n<\/div><\/div><\/div><\/div><\/div>","protected":false},"excerpt":{"rendered":"<p>&lt;a","protected":false},"author":1,"featured_media":0,"comment_status":"open","ping_status":"open","sticky":false,"template":"","format":"standard","meta":{"footnotes":""},"categories":[41],"tags":[],"class_list":["post-1","post","type-post","status-publish","format-standard","hentry","category-vacatures"],"yoast_head":"<!-- This site is optimized with the Yoast SEO plugin v27.2 - https:\/\/yoast.com\/product\/yoast-seo-wordpress\/ -->\n<title>SPARQ balustrades | Nieuws | Assistent montage medewerk(st)er<\/title>\n<meta name=\"description\" content=\"Bekijk het laatste nieuws over onze branche en bedrijf | Assistent montage medewerk(st)er\" \/>\n<meta name=\"robots\" content=\"index, follow, max-snippet:-1, max-image-preview:large, max-video-preview:-1\" \/>\n<link rel=\"canonical\" href=\"https:\/\/www.sparqbalustrades.nl\/da\/assisterende-montor\/\" \/>\n<meta property=\"og:locale\" content=\"da_DK\" \/>\n<meta property=\"og:type\" content=\"article\" \/>\n<meta property=\"og:title\" content=\"SPARQ balustrades | Nieuws | Assistent montage medewerk(st)er\" \/>\n<meta property=\"og:description\" content=\"Bekijk het laatste nieuws over onze branche en bedrijf | Assistent montage medewerk(st)er\" \/>\n<meta property=\"og:url\" content=\"https:\/\/www.sparqbalustrades.nl\/da\/assisterende-montor\/\" \/>\n<meta property=\"og:site_name\" content=\"SPARQ Balustrades\" \/>\n<meta property=\"article:publisher\" content=\"https:\/\/www.facebook.com\/profile.php?id=100047334683162\" \/>\n<meta property=\"article:published_time\" content=\"2024-03-06T08:32:10+00:00\" \/>\n<meta property=\"article:modified_time\" content=\"2024-09-03T12:56:18+00:00\" \/>\n<meta property=\"og:image\" content=\"https:\/\/www.sparqbalustrades.nl\/wp-content\/uploads\/2024\/08\/team2024.webp\" \/>\n\t<meta property=\"og:image:width\" content=\"1920\" \/>\n\t<meta property=\"og:image:height\" content=\"1080\" \/>\n\t<meta property=\"og:image:type\" content=\"image\/webp\" \/>\n<meta name=\"author\" content=\"sparq.brulmedia\" \/>\n<meta name=\"twitter:card\" content=\"summary_large_image\" \/>\n<meta name=\"twitter:label1\" content=\"Skrevet af\" \/>\n\t<meta name=\"twitter:data1\" content=\"sparq.brulmedia\" \/>\n\t<meta name=\"twitter:label2\" content=\"Estimeret l\u00e6setid\" \/>\n\t<meta name=\"twitter:data2\" content=\"6 minutter\" \/>\n<script type=\"application\/ld+json\" class=\"yoast-schema-graph\">{\"@context\":\"https:\/\/schema.org\",\"@graph\":[{\"@type\":\"Article\",\"@id\":\"https:\/\/www.sparqbalustrades.nl\/assistent-montagemedewerker\/#article\",\"isPartOf\":{\"@id\":\"https:\/\/www.sparqbalustrades.nl\/assistent-montagemedewerker\/\"},\"author\":{\"name\":\"sparq.brulmedia\",\"@id\":\"https:\/\/www.sparqbalustrades.nl\/#\/schema\/person\/0bc638850200626d3cbfe165c832962c\"},\"headline\":\"Assistent montage medewerk(st)er\",\"datePublished\":\"2024-03-06T08:32:10+00:00\",\"dateModified\":\"2024-09-03T12:56:18+00:00\",\"mainEntityOfPage\":{\"@id\":\"https:\/\/www.sparqbalustrades.nl\/assistent-montagemedewerker\/\"},\"wordCount\":1290,\"commentCount\":16,\"publisher\":{\"@id\":\"https:\/\/www.sparqbalustrades.nl\/#organization\"},\"articleSection\":[\"Vacatures\"],\"inLanguage\":\"da-DK\",\"potentialAction\":[{\"@type\":\"CommentAction\",\"name\":\"Comment\",\"target\":[\"https:\/\/www.sparqbalustrades.nl\/assistent-montagemedewerker\/#respond\"]}]},{\"@type\":\"WebPage\",\"@id\":\"https:\/\/www.sparqbalustrades.nl\/assistent-montagemedewerker\/\",\"url\":\"https:\/\/www.sparqbalustrades.nl\/assistent-montagemedewerker\/\",\"name\":\"SPARQ balustrades | Nieuws | Assistent montage medewerk(st)er\",\"isPartOf\":{\"@id\":\"https:\/\/www.sparqbalustrades.nl\/#website\"},\"datePublished\":\"2024-03-06T08:32:10+00:00\",\"dateModified\":\"2024-09-03T12:56:18+00:00\",\"description\":\"Bekijk het laatste nieuws over onze branche en bedrijf | Assistent montage medewerk(st)er\",\"breadcrumb\":{\"@id\":\"https:\/\/www.sparqbalustrades.nl\/assistent-montagemedewerker\/#breadcrumb\"},\"inLanguage\":\"da-DK\",\"potentialAction\":[{\"@type\":\"ReadAction\",\"target\":[\"https:\/\/www.sparqbalustrades.nl\/assistent-montagemedewerker\/\"]}]},{\"@type\":\"BreadcrumbList\",\"@id\":\"https:\/\/www.sparqbalustrades.nl\/assistent-montagemedewerker\/#breadcrumb\",\"itemListElement\":[{\"@type\":\"ListItem\",\"position\":1,\"name\":\"Home\",\"item\":\"https:\/\/www.sparqbalustrades.nl\/\"},{\"@type\":\"ListItem\",\"position\":2,\"name\":\"Vacatures\",\"item\":\"https:\/\/www.sparqbalustrades.nl\/category\/vacatures\/\"},{\"@type\":\"ListItem\",\"position\":3,\"name\":\"Assistent montage medewerk(st)er\"}]},{\"@type\":\"WebSite\",\"@id\":\"https:\/\/www.sparqbalustrades.nl\/#website\",\"url\":\"https:\/\/www.sparqbalustrades.nl\/\",\"name\":\"SPARQ Balustrades\",\"description\":\"Look Further\",\"publisher\":{\"@id\":\"https:\/\/www.sparqbalustrades.nl\/#organization\"},\"alternateName\":\"De specialist in volglasbalustrades\",\"potentialAction\":[{\"@type\":\"SearchAction\",\"target\":{\"@type\":\"EntryPoint\",\"urlTemplate\":\"https:\/\/www.sparqbalustrades.nl\/?s={search_term_string}\"},\"query-input\":{\"@type\":\"PropertyValueSpecification\",\"valueRequired\":true,\"valueName\":\"search_term_string\"}}],\"inLanguage\":\"da-DK\"},{\"@type\":\"Organization\",\"@id\":\"https:\/\/www.sparqbalustrades.nl\/#organization\",\"name\":\"SPARQ Balustrades\",\"alternateName\":\"SPARQ Volglasbalustrades\",\"url\":\"https:\/\/www.sparqbalustrades.nl\/\",\"logo\":{\"@type\":\"ImageObject\",\"inLanguage\":\"da-DK\",\"@id\":\"https:\/\/www.sparqbalustrades.nl\/#\/schema\/logo\/image\/\",\"url\":\"https:\/\/www.sparqbalustrades.nl\/wp-content\/uploads\/2024\/08\/team2024.webp\",\"contentUrl\":\"https:\/\/www.sparqbalustrades.nl\/wp-content\/uploads\/2024\/08\/team2024.webp\",\"width\":1920,\"height\":1080,\"caption\":\"SPARQ Balustrades\"},\"image\":{\"@id\":\"https:\/\/www.sparqbalustrades.nl\/#\/schema\/logo\/image\/\"},\"sameAs\":[\"https:\/\/www.facebook.com\/profile.php?id=100047334683162\",\"https:\/\/www.instagram.com\/sparqbalustrades\/\",\"https:\/\/nl.pinterest.com\/sparq_balustrades\/\",\"https:\/\/www.youtube.com\/channel\/UCJX3WLp4-Tp8NXgbXmxz_2g\",\"https:\/\/www.linkedin.com\/company\/sparq-balustrades\/\"]},{\"@type\":\"Person\",\"@id\":\"https:\/\/www.sparqbalustrades.nl\/#\/schema\/person\/0bc638850200626d3cbfe165c832962c\",\"name\":\"sparq.brulmedia\",\"image\":{\"@type\":\"ImageObject\",\"inLanguage\":\"da-DK\",\"@id\":\"https:\/\/secure.gravatar.com\/avatar\/f3ffaa8023f5392926d527bddde451dffe78a9ccefcbb4f7a927d4d5e905cada?s=96&d=mm&r=g\",\"url\":\"https:\/\/secure.gravatar.com\/avatar\/f3ffaa8023f5392926d527bddde451dffe78a9ccefcbb4f7a927d4d5e905cada?s=96&d=mm&r=g\",\"contentUrl\":\"https:\/\/secure.gravatar.com\/avatar\/f3ffaa8023f5392926d527bddde451dffe78a9ccefcbb4f7a927d4d5e905cada?s=96&d=mm&r=g\",\"caption\":\"sparq.brulmedia\"},\"sameAs\":[\"https:\/\/www.sparqbalustrades.nl\"]}]}<\/script>\n<!-- \/ Yoast SEO plugin. -->","yoast_head_json":{"title":"SPARQ balustrader | Nyheder | Assisterende mont\u00f8r","description":"Se de seneste nyheder om vores branche og virksomhed | Assisterende montageoperat\u00f8r","robots":{"index":"index","follow":"follow","max-snippet":"max-snippet:-1","max-image-preview":"max-image-preview:large","max-video-preview":"max-video-preview:-1"},"canonical":"https:\/\/www.sparqbalustrades.nl\/da\/assisterende-montor\/","og_locale":"da_DK","og_type":"article","og_title":"SPARQ balustrades | Nieuws | Assistent montage medewerk(st)er","og_description":"Bekijk het laatste nieuws over onze branche en bedrijf | Assistent montage medewerk(st)er","og_url":"https:\/\/www.sparqbalustrades.nl\/da\/assisterende-montor\/","og_site_name":"SPARQ Balustrades","article_publisher":"https:\/\/www.facebook.com\/profile.php?id=100047334683162","article_published_time":"2024-03-06T08:32:10+00:00","article_modified_time":"2024-09-03T12:56:18+00:00","og_image":[{"width":1920,"height":1080,"url":"https:\/\/www.sparqbalustrades.nl\/wp-content\/uploads\/2024\/08\/team2024.webp","type":"image\/webp"}],"author":"sparq.brulmedia","twitter_card":"summary_large_image","twitter_misc":{"Skrevet af":"sparq.brulmedia","Estimeret l\u00e6setid":"6 minutter"},"schema":{"@context":"https:\/\/schema.org","@graph":[{"@type":"Article","@id":"https:\/\/www.sparqbalustrades.nl\/assistent-montagemedewerker\/#article","isPartOf":{"@id":"https:\/\/www.sparqbalustrades.nl\/assistent-montagemedewerker\/"},"author":{"name":"sparq.brulmedia","@id":"https:\/\/www.sparqbalustrades.nl\/#\/schema\/person\/0bc638850200626d3cbfe165c832962c"},"headline":"Assistent montage medewerk(st)er","datePublished":"2024-03-06T08:32:10+00:00","dateModified":"2024-09-03T12:56:18+00:00","mainEntityOfPage":{"@id":"https:\/\/www.sparqbalustrades.nl\/assistent-montagemedewerker\/"},"wordCount":1290,"commentCount":16,"publisher":{"@id":"https:\/\/www.sparqbalustrades.nl\/#organization"},"articleSection":["Vacatures"],"inLanguage":"da-DK","potentialAction":[{"@type":"CommentAction","name":"Comment","target":["https:\/\/www.sparqbalustrades.nl\/assistent-montagemedewerker\/#respond"]}]},{"@type":"WebPage","@id":"https:\/\/www.sparqbalustrades.nl\/assistent-montagemedewerker\/","url":"https:\/\/www.sparqbalustrades.nl\/assistent-montagemedewerker\/","name":"SPARQ balustrader | Nyheder | Assisterende mont\u00f8r","isPartOf":{"@id":"https:\/\/www.sparqbalustrades.nl\/#website"},"datePublished":"2024-03-06T08:32:10+00:00","dateModified":"2024-09-03T12:56:18+00:00","description":"Se de seneste nyheder om vores branche og virksomhed | Assisterende montageoperat\u00f8r","breadcrumb":{"@id":"https:\/\/www.sparqbalustrades.nl\/assistent-montagemedewerker\/#breadcrumb"},"inLanguage":"da-DK","potentialAction":[{"@type":"ReadAction","target":["https:\/\/www.sparqbalustrades.nl\/assistent-montagemedewerker\/"]}]},{"@type":"BreadcrumbList","@id":"https:\/\/www.sparqbalustrades.nl\/assistent-montagemedewerker\/#breadcrumb","itemListElement":[{"@type":"ListItem","position":1,"name":"Home","item":"https:\/\/www.sparqbalustrades.nl\/"},{"@type":"ListItem","position":2,"name":"Vacatures","item":"https:\/\/www.sparqbalustrades.nl\/category\/vacatures\/"},{"@type":"ListItem","position":3,"name":"Assistent montage medewerk(st)er"}]},{"@type":"WebSite","@id":"https:\/\/www.sparqbalustrades.nl\/#website","url":"https:\/\/www.sparqbalustrades.nl\/","name":"SPARQ Gel\u00e6ndere","description":"Se l\u00e6ngere frem","publisher":{"@id":"https:\/\/www.sparqbalustrades.nl\/#organization"},"alternateName":"De specialist in volglasbalustrades","potentialAction":[{"@type":"SearchAction","target":{"@type":"EntryPoint","urlTemplate":"https:\/\/www.sparqbalustrades.nl\/?s={search_term_string}"},"query-input":{"@type":"PropertyValueSpecification","valueRequired":true,"valueName":"search_term_string"}}],"inLanguage":"da-DK"},{"@type":"Organization","@id":"https:\/\/www.sparqbalustrades.nl\/#organization","name":"SPARQ Gel\u00e6ndere","alternateName":"SPARQ Volglasbalustrades","url":"https:\/\/www.sparqbalustrades.nl\/","logo":{"@type":"ImageObject","inLanguage":"da-DK","@id":"https:\/\/www.sparqbalustrades.nl\/#\/schema\/logo\/image\/","url":"https:\/\/www.sparqbalustrades.nl\/wp-content\/uploads\/2024\/08\/team2024.webp","contentUrl":"https:\/\/www.sparqbalustrades.nl\/wp-content\/uploads\/2024\/08\/team2024.webp","width":1920,"height":1080,"caption":"SPARQ Balustrades"},"image":{"@id":"https:\/\/www.sparqbalustrades.nl\/#\/schema\/logo\/image\/"},"sameAs":["https:\/\/www.facebook.com\/profile.php?id=100047334683162","https:\/\/www.instagram.com\/sparqbalustrades\/","https:\/\/nl.pinterest.com\/sparq_balustrades\/","https:\/\/www.youtube.com\/channel\/UCJX3WLp4-Tp8NXgbXmxz_2g","https:\/\/www.linkedin.com\/company\/sparq-balustrades\/"]},{"@type":"Person","@id":"https:\/\/www.sparqbalustrades.nl\/#\/schema\/person\/0bc638850200626d3cbfe165c832962c","name":"sparq.brulmedia","image":{"@type":"ImageObject","inLanguage":"da-DK","@id":"https:\/\/secure.gravatar.com\/avatar\/f3ffaa8023f5392926d527bddde451dffe78a9ccefcbb4f7a927d4d5e905cada?s=96&d=mm&r=g","url":"https:\/\/secure.gravatar.com\/avatar\/f3ffaa8023f5392926d527bddde451dffe78a9ccefcbb4f7a927d4d5e905cada?s=96&d=mm&r=g","contentUrl":"https:\/\/secure.gravatar.com\/avatar\/f3ffaa8023f5392926d527bddde451dffe78a9ccefcbb4f7a927d4d5e905cada?s=96&d=mm&r=g","caption":"sparq.brulmedia"},"sameAs":["https:\/\/www.sparqbalustrades.nl"]}]}},"_links":{"self":[{"href":"https:\/\/www.sparqbalustrades.nl\/da\/wp-json\/wp\/v2\/posts\/1","targetHints":{"allow":["GET"]}}],"collection":[{"href":"https:\/\/www.sparqbalustrades.nl\/da\/wp-json\/wp\/v2\/posts"}],"about":[{"href":"https:\/\/www.sparqbalustrades.nl\/da\/wp-json\/wp\/v2\/types\/post"}],"author":[{"embeddable":true,"href":"https:\/\/www.sparqbalustrades.nl\/da\/wp-json\/wp\/v2\/users\/1"}],"replies":[{"embeddable":true,"href":"https:\/\/www.sparqbalustrades.nl\/da\/wp-json\/wp\/v2\/comments?post=1"}],"version-history":[{"count":4,"href":"https:\/\/www.sparqbalustrades.nl\/da\/wp-json\/wp\/v2\/posts\/1\/revisions"}],"predecessor-version":[{"id":509,"href":"https:\/\/www.sparqbalustrades.nl\/da\/wp-json\/wp\/v2\/posts\/1\/revisions\/509"}],"wp:attachment":[{"href":"https:\/\/www.sparqbalustrades.nl\/da\/wp-json\/wp\/v2\/media?parent=1"}],"wp:term":[{"taxonomy":"category","embeddable":true,"href":"https:\/\/www.sparqbalustrades.nl\/da\/wp-json\/wp\/v2\/categories?post=1"},{"taxonomy":"post_tag","embeddable":true,"href":"https:\/\/www.sparqbalustrades.nl\/da\/wp-json\/wp\/v2\/tags?post=1"}],"curies":[{"name":"wp","href":"https:\/\/api.w.org\/{rel}","templated":true}]}}