{"id":1904,"date":"2024-12-10T15:19:44","date_gmt":"2024-12-10T15:19:44","guid":{"rendered":"https:\/\/www.sparqbalustrades.nl\/?p=1904"},"modified":"2025-03-04T14:58:01","modified_gmt":"2025-03-04T14:58:01","slug":"innovationer-i-vores-fuldglasgelaendere-introduktionen-af-1-kn-profiler","status":"publish","type":"post","link":"https:\/\/www.sparqbalustrades.nl\/da\/innovaties-in-onze-volglasbalustrades-de-introductie-van-1-kn-profielen\/","title":{"rendered":"Innovationer i vores helglasgel\u00e6ndere: introduktion af 1 kN-profiler"},"content":{"rendered":"<p><div class=\"fusion-fullwidth fullwidth-box fusion-builder-row-1 fusion-flex-container has-pattern-background has-mask-background fusion-parallax-none nonhundred-percent-fullwidth non-hundred-percent-height-scrolling lazyload\" style=\"--awb-background-position:center bottom;--awb-border-radius-top-left:0px;--awb-border-radius-top-right:0px;--awb-border-radius-bottom-right:0px;--awb-border-radius-bottom-left:0px;--awb-padding-top:50px;--awb-padding-bottom:50px;--awb-min-height:250px;--awb-min-height-small:250px;--awb-background-image:linear-gradient(180deg, rgba(255,255,255,0) 0%,var(--awb-color7) 100%);;--awb-background-size:cover;--awb-flex-wrap:wrap;\" data-bg=\"https:\/\/www.sparqbalustrades.nl\/wp-content\/uploads\/2024\/05\/werkenbijsparqheaderafbeelding.webp\" data-bg-gradient=\"linear-gradient(180deg, rgba(255,255,255,0) 0%,var(--awb-color7) 100%)\" ><div class=\"fusion-builder-row fusion-row fusion-flex-align-items-flex-start fusion-flex-align-content-center fusion-flex-content-wrap\" style=\"max-width:1248px;margin-left: calc(-4% \/ 2 );margin-right: calc(-4% \/ 2 );\"><div class=\"fusion-layout-column fusion_builder_column fusion-builder-column-0 fusion_builder_column_2_3 2_3 fusion-flex-column\" style=\"--awb-bg-size:cover;--awb-width-large:66.666666666667%;--awb-margin-top-large:0px;--awb-spacing-right-large:2.88%;--awb-margin-bottom-large:0px;--awb-spacing-left-large:2.88%;--awb-width-medium:66.666666666667%;--awb-order-medium:0;--awb-spacing-right-medium:2.88%;--awb-spacing-left-medium:2.88%;--awb-width-small:100%;--awb-order-small:0;--awb-spacing-right-small:1.92%;--awb-spacing-left-small:1.92%;\"><div class=\"fusion-column-wrapper fusion-column-has-shadow fusion-flex-justify-content-flex-start fusion-content-layout-column\"><div class=\"fusion-text fusion-text-1 blog-single-page-titel\"><h1>Innovationer i vores helglasgel\u00e6ndere: introduktion af 1 kN-profiler<\/h1>\n<\/div><\/div><\/div><\/div><\/div><div class=\"fusion-fullwidth fullwidth-box fusion-builder-row-2 fusion-flex-container has-pattern-background has-mask-background nonhundred-percent-fullwidth non-hundred-percent-height-scrolling\" style=\"--awb-border-radius-top-left:0px;--awb-border-radius-top-right:0px;--awb-border-radius-bottom-right:0px;--awb-border-radius-bottom-left:0px;--awb-padding-top:50px;--awb-padding-bottom:50px;--awb-flex-wrap:wrap;\" ><div class=\"fusion-builder-row fusion-row fusion-flex-align-items-flex-start fusion-flex-content-wrap\" style=\"max-width:1248px;margin-left: calc(-4% \/ 2 );margin-right: calc(-4% \/ 2 );\"><div class=\"fusion-layout-column fusion_builder_column fusion-builder-column-1 fusion_builder_column_1_1 1_1 fusion-flex-column\" style=\"--awb-bg-size:cover;--awb-width-large:100%;--awb-margin-top-large:0px;--awb-spacing-right-large:1.92%;--awb-margin-bottom-large:20px;--awb-spacing-left-large:1.92%;--awb-width-medium:100%;--awb-order-medium:0;--awb-spacing-right-medium:1.92%;--awb-spacing-left-medium:1.92%;--awb-width-small:100%;--awb-order-small:0;--awb-spacing-right-small:1.92%;--awb-spacing-left-small:1.92%;\"><div class=\"fusion-column-wrapper fusion-column-has-shadow fusion-flex-justify-content-flex-start fusion-content-layout-column\"><div class=\"fusion-text fusion-text-2\"><p><i>N\u00e5r man designer balustradesystemer, spiller sikkerhed og funktionalitet en afg\u00f8rende rolle. Gel\u00e6ndere beskytter mennesker, uanset om de er hjemme, arbejder p\u00e5 et kontor eller i en stor offentlig bygning. Kravene til disse systemer varierer dog meget afh\u00e6ngigt af anvendelsen og stedet. I denne blog tager vi dig med gennem en verden af r\u00e6kv\u00e6rksprofiler og vores seneste innovation: 1 kN-profilerne.<\/i><\/p>\n<h2 class=\"fusion-responsive-typography-calculated\" style=\"--fontsize: 24; line-height: 1.2;\" data-fontsize=\"24\" data-lineheight=\"28.8px\">Brugs- og vindbelastning: grundlaget for balustrader<\/h2>\n<p>N\u00e5r vi designer profiler til gel\u00e6ndere, tager vi h\u00f8jde for to typer belastninger: brugerbelastning og vindbelastning. Brugslasten sikrer, at et gel\u00e6nder forbliver sikkert, n\u00e5r nogen l\u00e6ner sig op ad det. I Holland har vi tre styrkeklasser:<\/p>\n<ul>\n<li>0,3 kN for private boliger, som f.eks. en flad altan.<\/li>\n<li>0,8 kN til kontorer, skoler og museer.<\/li>\n<li>3 kN til offentlige bygninger med mange bes\u00f8gende, f.eks. stadioner og togstationer.<\/li>\n<\/ul>\n<p>Desuden spiller vindbelastninger en stor rolle, is\u00e6r ved udend\u00f8rs anvendelse p\u00e5 h\u00f8jere etager eller i kystomr\u00e5der. Disse belastninger kan nogle gange opveje brugsbelastningen.<\/p>\n<h2 class=\"fusion-responsive-typography-calculated\" style=\"--fontsize: 24; line-height: 1.2;\" data-fontsize=\"24\" data-lineheight=\"28.8px\">Traditionelle l\u00f8sninger og nye muligheder<\/h2>\n<p>Mange gel\u00e6nderprofiler p\u00e5 markedet er designet til en brugsbelastning p\u00e5 1 kN. Det fungerer fint i situationer med lave vindbelastninger, men disse profiler kan komme til kort i h\u00f8jere bygninger eller i kystn\u00e6re omr\u00e5der. Derfor har vi hos Sparq i mange \u00e5r haft en 2 kN-profilserie i vores sortiment. Disse tungere profiler giver ekstra stabilitet, er hurtigere at montere og klarer sig bedre under store vindbelastninger. Perfekt til st\u00f8rre projekter!<\/p>\n<p>Alligevel fandt vi ud af, at vores tilbud ikke fuldt ud opfyldte behovene i mindre projekter. Til lettere opgaver, som f.eks. indend\u00f8rs opgaver eller balustrader i hjemmet, er det ofte ikke n\u00f8dvendigt med en tung profil. Derfor introducerer vi nu vores 1 kN-profilserie. Disse lettere profiler tilbyder en effektiv og omkostningseffektiv l\u00f8sning til situationer, hvor der kr\u00e6ves mindre belastning.<\/p>\n<h2 class=\"fusion-responsive-typography-calculated\" style=\"--fontsize: 24; line-height: 1.2;\" data-fontsize=\"24\" data-lineheight=\"28.8px\">Tilg\u00e6ngelig fra februar 2025<\/h2>\n<p>Den nye 1 kN-linje blev pr\u00e6senteret tidligere i \u00e5r p\u00e5 messer som Polyclose og Glasstec. Fra februar 2025 vil disse profiler rent faktisk v\u00e6re tilg\u00e6ngelige. Med denne tilf\u00f8jelse til vores sortiment kan vi betjene en bredere vifte af kunder, fra private projekter til mindre forretningsapplikationer.<\/p>\n<p>Med vores 1 kN-linje g\u00f8r vi gel\u00e6ndere mere tilg\u00e6ngelige for den brede offentlighed og konkurrerer st\u00e6rkere p\u00e5 markeder, hvor lettere l\u00f8sninger foretr\u00e6kkes.<\/p>\n<p>Spekulerer du p\u00e5, hvad disse nye profiler kan betyde for dit projekt?<br \/>\nKontakt os, vi hj\u00e6lper gerne!<\/p>\n<\/div><\/div><\/div><\/div><\/div><\/p>","protected":false},"excerpt":{"rendered":"<p>Oplev vores nye 1 kN balustradeprofiler, der er udviklet til at give sikkerhed og stabilitet til mindre projekter og indend\u00f8rs brug. Denne lettere serie supplerer vores eksisterende 2 kN-sortiment og er velegnet til lavere belastningssituationer. Tilg\u00e6ngelig fra februar 2025. Hold \u00f8je med vores side for opdateringer!<\/p>\n<p style=\"text-align: right\"><a href=\"#\">L\u00e6s mere &gt;&gt;&gt; <\/a><\/p>","protected":false},"author":2,"featured_media":1905,"comment_status":"closed","ping_status":"closed","sticky":false,"template":"","format":"standard","meta":{"footnotes":""},"categories":[1],"tags":[],"class_list":["post-1904","post","type-post","status-publish","format-standard","has-post-thumbnail","hentry","category-nieuws"],"yoast_head":"<!-- This site is optimized with the Yoast SEO plugin v27.2 - https:\/\/yoast.com\/product\/yoast-seo-wordpress\/ -->\n<title>SPARQ balustrades | Nieuws | Innovaties in onze volglasbalustrades: De Introductie van 1 kN Profielen<\/title>\n<meta name=\"description\" content=\"Bekijk het laatste nieuws over onze branche en bedrijf | Innovaties in onze volglasbalustrades: De Introductie van 1 kN Profielen\" \/>\n<meta name=\"robots\" content=\"index, follow, max-snippet:-1, max-image-preview:large, max-video-preview:-1\" \/>\n<link rel=\"canonical\" href=\"https:\/\/www.sparqbalustrades.nl\/da\/innovationer-i-vores-fuldglasgelaendere-introduktionen-af-1-kn-profiler\/\" \/>\n<meta property=\"og:locale\" content=\"da_DK\" \/>\n<meta property=\"og:type\" content=\"article\" \/>\n<meta property=\"og:title\" content=\"SPARQ balustrades | Nieuws | Innovaties in onze volglasbalustrades: De Introductie van 1 kN Profielen\" \/>\n<meta property=\"og:description\" content=\"Bekijk het laatste nieuws over onze branche en bedrijf | Innovaties in onze volglasbalustrades: De Introductie van 1 kN Profielen\" \/>\n<meta property=\"og:url\" content=\"https:\/\/www.sparqbalustrades.nl\/da\/innovationer-i-vores-fuldglasgelaendere-introduktionen-af-1-kn-profiler\/\" \/>\n<meta property=\"og:site_name\" content=\"SPARQ Balustrades\" \/>\n<meta property=\"article:publisher\" content=\"https:\/\/www.facebook.com\/profile.php?id=100047334683162\" \/>\n<meta property=\"article:published_time\" content=\"2024-12-10T15:19:44+00:00\" \/>\n<meta property=\"article:modified_time\" content=\"2025-03-04T14:58:01+00:00\" \/>\n<meta property=\"og:image\" content=\"https:\/\/www.sparqbalustrades.nl\/wp-content\/uploads\/2024\/12\/blog1knprofielen.webp\" \/>\n\t<meta property=\"og:image:width\" content=\"1920\" \/>\n\t<meta property=\"og:image:height\" content=\"1080\" \/>\n\t<meta property=\"og:image:type\" content=\"image\/webp\" \/>\n<meta name=\"author\" content=\"Webmaster\" \/>\n<meta name=\"twitter:card\" content=\"summary_large_image\" \/>\n<meta name=\"twitter:label1\" content=\"Skrevet af\" \/>\n\t<meta name=\"twitter:data1\" content=\"Webmaster\" \/>\n\t<meta name=\"twitter:label2\" content=\"Estimeret l\u00e6setid\" \/>\n\t<meta name=\"twitter:data2\" content=\"3 minutter\" \/>\n<script type=\"application\/ld+json\" class=\"yoast-schema-graph\">{\"@context\":\"https:\/\/schema.org\",\"@graph\":[{\"@type\":\"Article\",\"@id\":\"https:\/\/www.sparqbalustrades.nl\/innovaties-in-onze-volglasbalustrades-de-introductie-van-1-kn-profielen\/#article\",\"isPartOf\":{\"@id\":\"https:\/\/www.sparqbalustrades.nl\/innovaties-in-onze-volglasbalustrades-de-introductie-van-1-kn-profielen\/\"},\"author\":{\"name\":\"Webmaster\",\"@id\":\"https:\/\/www.sparqbalustrades.nl\/#\/schema\/person\/55c6ab5cf0000ddf6178e4224873f173\"},\"headline\":\"Innovaties in onze volglasbalustrades: De Introductie van 1 kN Profielen\",\"datePublished\":\"2024-12-10T15:19:44+00:00\",\"dateModified\":\"2025-03-04T14:58:01+00:00\",\"mainEntityOfPage\":{\"@id\":\"https:\/\/www.sparqbalustrades.nl\/innovaties-in-onze-volglasbalustrades-de-introductie-van-1-kn-profielen\/\"},\"wordCount\":1504,\"publisher\":{\"@id\":\"https:\/\/www.sparqbalustrades.nl\/#organization\"},\"image\":{\"@id\":\"https:\/\/www.sparqbalustrades.nl\/innovaties-in-onze-volglasbalustrades-de-introductie-van-1-kn-profielen\/#primaryimage\"},\"thumbnailUrl\":\"https:\/\/www.sparqbalustrades.nl\/wp-content\/uploads\/2024\/12\/blog1knprofielen.webp\",\"articleSection\":[\"Nieuws\"],\"inLanguage\":\"da-DK\"},{\"@type\":\"WebPage\",\"@id\":\"https:\/\/www.sparqbalustrades.nl\/innovaties-in-onze-volglasbalustrades-de-introductie-van-1-kn-profielen\/\",\"url\":\"https:\/\/www.sparqbalustrades.nl\/innovaties-in-onze-volglasbalustrades-de-introductie-van-1-kn-profielen\/\",\"name\":\"SPARQ balustrades | Nieuws | Innovaties in onze volglasbalustrades: De Introductie van 1 kN Profielen\",\"isPartOf\":{\"@id\":\"https:\/\/www.sparqbalustrades.nl\/#website\"},\"primaryImageOfPage\":{\"@id\":\"https:\/\/www.sparqbalustrades.nl\/innovaties-in-onze-volglasbalustrades-de-introductie-van-1-kn-profielen\/#primaryimage\"},\"image\":{\"@id\":\"https:\/\/www.sparqbalustrades.nl\/innovaties-in-onze-volglasbalustrades-de-introductie-van-1-kn-profielen\/#primaryimage\"},\"thumbnailUrl\":\"https:\/\/www.sparqbalustrades.nl\/wp-content\/uploads\/2024\/12\/blog1knprofielen.webp\",\"datePublished\":\"2024-12-10T15:19:44+00:00\",\"dateModified\":\"2025-03-04T14:58:01+00:00\",\"description\":\"Bekijk het laatste nieuws over onze branche en bedrijf | Innovaties in onze volglasbalustrades: De Introductie van 1 kN Profielen\",\"breadcrumb\":{\"@id\":\"https:\/\/www.sparqbalustrades.nl\/innovaties-in-onze-volglasbalustrades-de-introductie-van-1-kn-profielen\/#breadcrumb\"},\"inLanguage\":\"da-DK\",\"potentialAction\":[{\"@type\":\"ReadAction\",\"target\":[\"https:\/\/www.sparqbalustrades.nl\/innovaties-in-onze-volglasbalustrades-de-introductie-van-1-kn-profielen\/\"]}]},{\"@type\":\"ImageObject\",\"inLanguage\":\"da-DK\",\"@id\":\"https:\/\/www.sparqbalustrades.nl\/innovaties-in-onze-volglasbalustrades-de-introductie-van-1-kn-profielen\/#primaryimage\",\"url\":\"https:\/\/www.sparqbalustrades.nl\/wp-content\/uploads\/2024\/12\/blog1knprofielen.webp\",\"contentUrl\":\"https:\/\/www.sparqbalustrades.nl\/wp-content\/uploads\/2024\/12\/blog1knprofielen.webp\",\"width\":1920,\"height\":1080},{\"@type\":\"BreadcrumbList\",\"@id\":\"https:\/\/www.sparqbalustrades.nl\/innovaties-in-onze-volglasbalustrades-de-introductie-van-1-kn-profielen\/#breadcrumb\",\"itemListElement\":[{\"@type\":\"ListItem\",\"position\":1,\"name\":\"Home\",\"item\":\"https:\/\/www.sparqbalustrades.nl\/\"},{\"@type\":\"ListItem\",\"position\":2,\"name\":\"Nieuws\",\"item\":\"https:\/\/www.sparqbalustrades.nl\/category\/nieuws\/\"},{\"@type\":\"ListItem\",\"position\":3,\"name\":\"Innovaties in onze volglasbalustrades: De Introductie van 1 kN Profielen\"}]},{\"@type\":\"WebSite\",\"@id\":\"https:\/\/www.sparqbalustrades.nl\/#website\",\"url\":\"https:\/\/www.sparqbalustrades.nl\/\",\"name\":\"SPARQ Balustrades\",\"description\":\"Look Further\",\"publisher\":{\"@id\":\"https:\/\/www.sparqbalustrades.nl\/#organization\"},\"alternateName\":\"De specialist in volglasbalustrades\",\"potentialAction\":[{\"@type\":\"SearchAction\",\"target\":{\"@type\":\"EntryPoint\",\"urlTemplate\":\"https:\/\/www.sparqbalustrades.nl\/?s={search_term_string}\"},\"query-input\":{\"@type\":\"PropertyValueSpecification\",\"valueRequired\":true,\"valueName\":\"search_term_string\"}}],\"inLanguage\":\"da-DK\"},{\"@type\":\"Organization\",\"@id\":\"https:\/\/www.sparqbalustrades.nl\/#organization\",\"name\":\"SPARQ Balustrades\",\"alternateName\":\"SPARQ Volglasbalustrades\",\"url\":\"https:\/\/www.sparqbalustrades.nl\/\",\"logo\":{\"@type\":\"ImageObject\",\"inLanguage\":\"da-DK\",\"@id\":\"https:\/\/www.sparqbalustrades.nl\/#\/schema\/logo\/image\/\",\"url\":\"https:\/\/www.sparqbalustrades.nl\/wp-content\/uploads\/2024\/08\/team2024.webp\",\"contentUrl\":\"https:\/\/www.sparqbalustrades.nl\/wp-content\/uploads\/2024\/08\/team2024.webp\",\"width\":1920,\"height\":1080,\"caption\":\"SPARQ Balustrades\"},\"image\":{\"@id\":\"https:\/\/www.sparqbalustrades.nl\/#\/schema\/logo\/image\/\"},\"sameAs\":[\"https:\/\/www.facebook.com\/profile.php?id=100047334683162\",\"https:\/\/www.instagram.com\/sparqbalustrades\/\",\"https:\/\/nl.pinterest.com\/sparq_balustrades\/\",\"https:\/\/www.youtube.com\/channel\/UCJX3WLp4-Tp8NXgbXmxz_2g\",\"https:\/\/www.linkedin.com\/company\/sparq-balustrades\/\"]},{\"@type\":\"Person\",\"@id\":\"https:\/\/www.sparqbalustrades.nl\/#\/schema\/person\/55c6ab5cf0000ddf6178e4224873f173\",\"name\":\"Webmaster\",\"image\":{\"@type\":\"ImageObject\",\"inLanguage\":\"da-DK\",\"@id\":\"https:\/\/secure.gravatar.com\/avatar\/6749503cb07dc156d8664fdb3d16e2102da50ba522cc0b1bfed165dfb6af86ef?s=96&d=mm&r=g\",\"url\":\"https:\/\/secure.gravatar.com\/avatar\/6749503cb07dc156d8664fdb3d16e2102da50ba522cc0b1bfed165dfb6af86ef?s=96&d=mm&r=g\",\"contentUrl\":\"https:\/\/secure.gravatar.com\/avatar\/6749503cb07dc156d8664fdb3d16e2102da50ba522cc0b1bfed165dfb6af86ef?s=96&d=mm&r=g\",\"caption\":\"Webmaster\"}}]}<\/script>\n<!-- \/ Yoast SEO plugin. -->","yoast_head_json":{"title":"SPARQ balustrader | Nyheder | Innovationer i vores helglasbalustrader: Introduktion af 1 kN-profiler","description":"Se de seneste nyheder om vores branche og virksomhed | Innovationer i vores fuldglasgel\u00e6ndere: Introduktion af 1 kN-profiler","robots":{"index":"index","follow":"follow","max-snippet":"max-snippet:-1","max-image-preview":"max-image-preview:large","max-video-preview":"max-video-preview:-1"},"canonical":"https:\/\/www.sparqbalustrades.nl\/da\/innovationer-i-vores-fuldglasgelaendere-introduktionen-af-1-kn-profiler\/","og_locale":"da_DK","og_type":"article","og_title":"SPARQ balustrades | Nieuws | Innovaties in onze volglasbalustrades: De Introductie van 1 kN Profielen","og_description":"Bekijk het laatste nieuws over onze branche en bedrijf | Innovaties in onze volglasbalustrades: De Introductie van 1 kN Profielen","og_url":"https:\/\/www.sparqbalustrades.nl\/da\/innovationer-i-vores-fuldglasgelaendere-introduktionen-af-1-kn-profiler\/","og_site_name":"SPARQ Balustrades","article_publisher":"https:\/\/www.facebook.com\/profile.php?id=100047334683162","article_published_time":"2024-12-10T15:19:44+00:00","article_modified_time":"2025-03-04T14:58:01+00:00","og_image":[{"width":1920,"height":1080,"url":"https:\/\/www.sparqbalustrades.nl\/wp-content\/uploads\/2024\/12\/blog1knprofielen.webp","type":"image\/webp"}],"author":"Webmaster","twitter_card":"summary_large_image","twitter_misc":{"Skrevet af":"Webmaster","Estimeret l\u00e6setid":"3 minutter"},"schema":{"@context":"https:\/\/schema.org","@graph":[{"@type":"Article","@id":"https:\/\/www.sparqbalustrades.nl\/innovaties-in-onze-volglasbalustrades-de-introductie-van-1-kn-profielen\/#article","isPartOf":{"@id":"https:\/\/www.sparqbalustrades.nl\/innovaties-in-onze-volglasbalustrades-de-introductie-van-1-kn-profielen\/"},"author":{"name":"Webmaster","@id":"https:\/\/www.sparqbalustrades.nl\/#\/schema\/person\/55c6ab5cf0000ddf6178e4224873f173"},"headline":"Innovaties in onze volglasbalustrades: De Introductie van 1 kN Profielen","datePublished":"2024-12-10T15:19:44+00:00","dateModified":"2025-03-04T14:58:01+00:00","mainEntityOfPage":{"@id":"https:\/\/www.sparqbalustrades.nl\/innovaties-in-onze-volglasbalustrades-de-introductie-van-1-kn-profielen\/"},"wordCount":1504,"publisher":{"@id":"https:\/\/www.sparqbalustrades.nl\/#organization"},"image":{"@id":"https:\/\/www.sparqbalustrades.nl\/innovaties-in-onze-volglasbalustrades-de-introductie-van-1-kn-profielen\/#primaryimage"},"thumbnailUrl":"https:\/\/www.sparqbalustrades.nl\/wp-content\/uploads\/2024\/12\/blog1knprofielen.webp","articleSection":["Nieuws"],"inLanguage":"da-DK"},{"@type":"WebPage","@id":"https:\/\/www.sparqbalustrades.nl\/innovaties-in-onze-volglasbalustrades-de-introductie-van-1-kn-profielen\/","url":"https:\/\/www.sparqbalustrades.nl\/innovaties-in-onze-volglasbalustrades-de-introductie-van-1-kn-profielen\/","name":"SPARQ balustrader | Nyheder | Innovationer i vores helglasbalustrader: Introduktion af 1 kN-profiler","isPartOf":{"@id":"https:\/\/www.sparqbalustrades.nl\/#website"},"primaryImageOfPage":{"@id":"https:\/\/www.sparqbalustrades.nl\/innovaties-in-onze-volglasbalustrades-de-introductie-van-1-kn-profielen\/#primaryimage"},"image":{"@id":"https:\/\/www.sparqbalustrades.nl\/innovaties-in-onze-volglasbalustrades-de-introductie-van-1-kn-profielen\/#primaryimage"},"thumbnailUrl":"https:\/\/www.sparqbalustrades.nl\/wp-content\/uploads\/2024\/12\/blog1knprofielen.webp","datePublished":"2024-12-10T15:19:44+00:00","dateModified":"2025-03-04T14:58:01+00:00","description":"Se de seneste nyheder om vores branche og virksomhed | Innovationer i vores fuldglasgel\u00e6ndere: Introduktion af 1 kN-profiler","breadcrumb":{"@id":"https:\/\/www.sparqbalustrades.nl\/innovaties-in-onze-volglasbalustrades-de-introductie-van-1-kn-profielen\/#breadcrumb"},"inLanguage":"da-DK","potentialAction":[{"@type":"ReadAction","target":["https:\/\/www.sparqbalustrades.nl\/innovaties-in-onze-volglasbalustrades-de-introductie-van-1-kn-profielen\/"]}]},{"@type":"ImageObject","inLanguage":"da-DK","@id":"https:\/\/www.sparqbalustrades.nl\/innovaties-in-onze-volglasbalustrades-de-introductie-van-1-kn-profielen\/#primaryimage","url":"https:\/\/www.sparqbalustrades.nl\/wp-content\/uploads\/2024\/12\/blog1knprofielen.webp","contentUrl":"https:\/\/www.sparqbalustrades.nl\/wp-content\/uploads\/2024\/12\/blog1knprofielen.webp","width":1920,"height":1080},{"@type":"BreadcrumbList","@id":"https:\/\/www.sparqbalustrades.nl\/innovaties-in-onze-volglasbalustrades-de-introductie-van-1-kn-profielen\/#breadcrumb","itemListElement":[{"@type":"ListItem","position":1,"name":"Home","item":"https:\/\/www.sparqbalustrades.nl\/"},{"@type":"ListItem","position":2,"name":"Nieuws","item":"https:\/\/www.sparqbalustrades.nl\/category\/nieuws\/"},{"@type":"ListItem","position":3,"name":"Innovaties in onze volglasbalustrades: De Introductie van 1 kN Profielen"}]},{"@type":"WebSite","@id":"https:\/\/www.sparqbalustrades.nl\/#website","url":"https:\/\/www.sparqbalustrades.nl\/","name":"SPARQ Gel\u00e6ndere","description":"Se l\u00e6ngere frem","publisher":{"@id":"https:\/\/www.sparqbalustrades.nl\/#organization"},"alternateName":"De specialist in volglasbalustrades","potentialAction":[{"@type":"SearchAction","target":{"@type":"EntryPoint","urlTemplate":"https:\/\/www.sparqbalustrades.nl\/?s={search_term_string}"},"query-input":{"@type":"PropertyValueSpecification","valueRequired":true,"valueName":"search_term_string"}}],"inLanguage":"da-DK"},{"@type":"Organization","@id":"https:\/\/www.sparqbalustrades.nl\/#organization","name":"SPARQ Gel\u00e6ndere","alternateName":"SPARQ Volglasbalustrades","url":"https:\/\/www.sparqbalustrades.nl\/","logo":{"@type":"ImageObject","inLanguage":"da-DK","@id":"https:\/\/www.sparqbalustrades.nl\/#\/schema\/logo\/image\/","url":"https:\/\/www.sparqbalustrades.nl\/wp-content\/uploads\/2024\/08\/team2024.webp","contentUrl":"https:\/\/www.sparqbalustrades.nl\/wp-content\/uploads\/2024\/08\/team2024.webp","width":1920,"height":1080,"caption":"SPARQ Balustrades"},"image":{"@id":"https:\/\/www.sparqbalustrades.nl\/#\/schema\/logo\/image\/"},"sameAs":["https:\/\/www.facebook.com\/profile.php?id=100047334683162","https:\/\/www.instagram.com\/sparqbalustrades\/","https:\/\/nl.pinterest.com\/sparq_balustrades\/","https:\/\/www.youtube.com\/channel\/UCJX3WLp4-Tp8NXgbXmxz_2g","https:\/\/www.linkedin.com\/company\/sparq-balustrades\/"]},{"@type":"Person","@id":"https:\/\/www.sparqbalustrades.nl\/#\/schema\/person\/55c6ab5cf0000ddf6178e4224873f173","name":"Webmaster","image":{"@type":"ImageObject","inLanguage":"da-DK","@id":"https:\/\/secure.gravatar.com\/avatar\/6749503cb07dc156d8664fdb3d16e2102da50ba522cc0b1bfed165dfb6af86ef?s=96&d=mm&r=g","url":"https:\/\/secure.gravatar.com\/avatar\/6749503cb07dc156d8664fdb3d16e2102da50ba522cc0b1bfed165dfb6af86ef?s=96&d=mm&r=g","contentUrl":"https:\/\/secure.gravatar.com\/avatar\/6749503cb07dc156d8664fdb3d16e2102da50ba522cc0b1bfed165dfb6af86ef?s=96&d=mm&r=g","caption":"Webmaster"}}]}},"_links":{"self":[{"href":"https:\/\/www.sparqbalustrades.nl\/da\/wp-json\/wp\/v2\/posts\/1904","targetHints":{"allow":["GET"]}}],"collection":[{"href":"https:\/\/www.sparqbalustrades.nl\/da\/wp-json\/wp\/v2\/posts"}],"about":[{"href":"https:\/\/www.sparqbalustrades.nl\/da\/wp-json\/wp\/v2\/types\/post"}],"author":[{"embeddable":true,"href":"https:\/\/www.sparqbalustrades.nl\/da\/wp-json\/wp\/v2\/users\/2"}],"replies":[{"embeddable":true,"href":"https:\/\/www.sparqbalustrades.nl\/da\/wp-json\/wp\/v2\/comments?post=1904"}],"version-history":[{"count":4,"href":"https:\/\/www.sparqbalustrades.nl\/da\/wp-json\/wp\/v2\/posts\/1904\/revisions"}],"predecessor-version":[{"id":2088,"href":"https:\/\/www.sparqbalustrades.nl\/da\/wp-json\/wp\/v2\/posts\/1904\/revisions\/2088"}],"wp:featuredmedia":[{"embeddable":true,"href":"https:\/\/www.sparqbalustrades.nl\/da\/wp-json\/wp\/v2\/media\/1905"}],"wp:attachment":[{"href":"https:\/\/www.sparqbalustrades.nl\/da\/wp-json\/wp\/v2\/media?parent=1904"}],"wp:term":[{"taxonomy":"category","embeddable":true,"href":"https:\/\/www.sparqbalustrades.nl\/da\/wp-json\/wp\/v2\/categories?post=1904"},{"taxonomy":"post_tag","embeddable":true,"href":"https:\/\/www.sparqbalustrades.nl\/da\/wp-json\/wp\/v2\/tags?post=1904"}],"curies":[{"name":"wp","href":"https:\/\/api.w.org\/{rel}","templated":true}]}}