{"id":2092,"date":"2025-03-04T15:10:23","date_gmt":"2025-03-04T15:10:23","guid":{"rendered":"https:\/\/www.sparqbalustrades.nl\/?p=2092"},"modified":"2025-03-05T07:53:33","modified_gmt":"2025-03-05T07:53:33","slug":"mod-cristian-vores-praktikant-der-kombinerer-teknologi-og-handel","status":"publish","type":"post","link":"https:\/\/www.sparqbalustrades.nl\/da\/ontmoet-cristian-onze-stagiair-die-techniek-en-commercie-combineert\/","title":{"rendered":"M\u00f8d Cristian: vores praktikant, der kombinerer teknologi og handel"},"content":{"rendered":"<p><div class=\"fusion-fullwidth fullwidth-box fusion-builder-row-1 fusion-flex-container has-pattern-background has-mask-background fusion-parallax-none nonhundred-percent-fullwidth hundred-percent-height hundred-percent-height-center-content non-hundred-percent-height-scrolling lazyload\" style=\"--awb-background-position:center top;--awb-border-radius-top-left:0px;--awb-border-radius-top-right:0px;--awb-border-radius-bottom-right:0px;--awb-border-radius-bottom-left:0px;--awb-padding-top:50px;--awb-padding-bottom:50px;--awb-background-image:linear-gradient(180deg, rgba(255,255,255,0) 0%,var(--awb-color7) 100%);;--awb-background-size:cover;--awb-flex-wrap:wrap;\" data-bg=\"https:\/\/www.sparqbalustrades.nl\/wp-content\/uploads\/2025\/03\/Cristian-Scheltinga.webp\" data-bg-gradient=\"linear-gradient(180deg, rgba(255,255,255,0) 0%,var(--awb-color7) 100%)\" ><div class=\"fusion-builder-row fusion-row fusion-flex-align-items-flex-start fusion-flex-align-content-flex-end fusion-flex-content-wrap\" style=\"max-width:1248px;margin-left: calc(-4% \/ 2 );margin-right: calc(-4% \/ 2 );\"><div class=\"fusion-layout-column fusion_builder_column fusion-builder-column-0 fusion_builder_column_2_3 2_3 fusion-flex-column\" style=\"--awb-bg-size:cover;--awb-width-large:66.666666666667%;--awb-margin-top-large:0px;--awb-spacing-right-large:2.88%;--awb-margin-bottom-large:0px;--awb-spacing-left-large:2.88%;--awb-width-medium:66.666666666667%;--awb-order-medium:0;--awb-spacing-right-medium:2.88%;--awb-spacing-left-medium:2.88%;--awb-width-small:100%;--awb-order-small:0;--awb-spacing-right-small:1.92%;--awb-spacing-left-small:1.92%;\"><div class=\"fusion-column-wrapper fusion-column-has-shadow fusion-flex-justify-content-flex-start fusion-content-layout-column\"><div class=\"fusion-text fusion-text-1 blog-single-page-titel\"><h1>Praktikant Cristian Scheltinga:<br \/>\n\"Du er accepteret her, som du er.\"<\/h1>\n<\/div><\/div><\/div><\/div><\/div><div class=\"fusion-fullwidth fullwidth-box fusion-builder-row-2 fusion-flex-container has-pattern-background has-mask-background nonhundred-percent-fullwidth non-hundred-percent-height-scrolling\" style=\"--awb-border-radius-top-left:0px;--awb-border-radius-top-right:0px;--awb-border-radius-bottom-right:0px;--awb-border-radius-bottom-left:0px;--awb-padding-top:50px;--awb-padding-bottom:50px;--awb-flex-wrap:wrap;\" ><div class=\"fusion-builder-row fusion-row fusion-flex-align-items-flex-start fusion-flex-justify-content-center fusion-flex-content-wrap\" style=\"max-width:1248px;margin-left: calc(-4% \/ 2 );margin-right: calc(-4% \/ 2 );\"><div class=\"fusion-layout-column fusion_builder_column fusion-builder-column-1 fusion_builder_column_5_6 5_6 fusion-flex-column\" style=\"--awb-bg-size:cover;--awb-width-large:83.333333333333%;--awb-margin-top-large:0px;--awb-spacing-right-large:2.304%;--awb-margin-bottom-large:20px;--awb-spacing-left-large:2.304%;--awb-width-medium:83.333333333333%;--awb-order-medium:0;--awb-spacing-right-medium:2.304%;--awb-spacing-left-medium:2.304%;--awb-width-small:100%;--awb-order-small:0;--awb-spacing-right-small:1.92%;--awb-spacing-left-small:1.92%;\"><div class=\"fusion-column-wrapper fusion-column-has-shadow fusion-flex-justify-content-flex-start fusion-content-layout-column\"><div class=\"fusion-text fusion-text-2\"><p><em>Hos SPARQ Balustrades s\u00e6tter vi pris p\u00e5 folk, der t\u00e6nker b\u00e5de praktisk og kommercielt. Vores praktikant Cristian Scheltinga (22) fra Wolvega passer perfekt ind. Han studerer til handelstekniker p\u00e5 Deltion College og valgte SPARQ Balustrades for at f\u00e5 praktisk erfaring med b\u00e5de teknisk og kommercielt arbejde.<\/em><\/p>\n<h2>Et studie med en praktisk og kommerciel vinkel<\/h2>\n<p>Cristian siger, at han bevidst valgte kombinationen af teknik og handel. Han vil ikke bare sidde bag et skrivebord, men arbejde aktivt med sine h\u00e6nder. \"Jeg kan godt lide, at jeg kan udvikle mig i salgssamtaler, men ogs\u00e5 selv komme til at arbejde p\u00e5 v\u00e6rkstedet eller med montering.\"<\/p>\n<h2>Opgaver og ansvarsomr\u00e5der<\/h2>\n<p>I l\u00f8bet af sin praktikperiode arbejder Cristian prim\u00e6rt med at behandle salgsordrer og indk\u00f8bsordrer. \"N\u00e5r der kommer en mail, udarbejder jeg tilbud og s\u00f8rger for, at alt er korrekt i systemet. N\u00e5r kunderne er tilfredse med mit arbejde, giver det mig anerkendelse - det motiverer mig.\" Desuden tager han nogle gange med p\u00e5 montage, s\u00e5 han kan se, hvordan produkterne ser ud og installeres i praksis. Hans tekniske side kommer ogs\u00e5 til sin ret her, is\u00e6r n\u00e5r der skal improviseres p\u00e5 stedet.<\/p>\n<h2>Et l\u00e6rerigt praktikophold i en god arbejdsatmosf\u00e6re<\/h2>\n<p>Cristian siger, at han s\u00e6tter pris p\u00e5 et godt arbejdsklima. \"Alle her er der for dig,\" forklarer han. \"Min praktikvejleder Jorrit hj\u00e6lper mig aktivt, men ogs\u00e5 alle de andre kolleger er altid villige til at svare p\u00e5 sp\u00f8rgsm\u00e5l.\" Det f\u00e5r Cristian til at f\u00f8le sig som en del af teamet: \"Jeg bliver virkelig behandlet som en fuldgyldig medarbejder her; jeg kan sende e-mails eller ringe direkte til kunderne, og jeg f\u00e5r stor frihed til at l\u00f8se mine opgaver.\"<\/p>\n<h2>Merv\u00e6rdi og personlig udvikling<\/h2>\n<p>Som praktikant h\u00e5ber Cristian at kunne bidrage ved at tage sig af det forberedende arbejde, som er tidskr\u00e6vende for kollegerne. P\u00e5 den m\u00e5de sikrer han, at projekterne forl\u00f8ber gnidningsl\u00f8st. Hos SPARQ Balustrades l\u00e6rer han is\u00e6r om kundekontakt: \"P\u00e5 skolen \u00f8ver man sig i rollespil, men her har man med rigtige kunder at g\u00f8re. Jeg kan m\u00e6rke, at jeg vokser meget hurtigt p\u00e5 dette omr\u00e5de. Praktikken hj\u00e6lper mig med at l\u00e6re at kommunikere professionelt.\"<\/p>\n<h2>Fremtidsudsigter<\/h2>\n<p>Selv om han endnu ikke ved pr\u00e6cis, hvor han vil v\u00e6re om fem eller ti \u00e5r, overvejer Cristian at l\u00e6se videre, f.eks. teknisk erhvervs\u00f8konomi. Han er nysgerrig p\u00e5, hvordan maskiner og processer kan g\u00f8res mere effektive, og hvordan han kan videreudvikle sine tekniske og kommercielle f\u00e6rdigheder.<\/p>\n<h2>En varm velkomst og en \u00e5ben kultur<\/h2>\n<p>Cristian roser \u00e5benheden hos SPARQ Balustrades. \"Den nordiske mentalitet tiltaler mig: Alle er nede p\u00e5 jorden, og aftaler bliver indg\u00e5et uden problemer. Jeg kan v\u00e6re mig selv her og f\u00f8ler mig virkelig velkommen. Det synes jeg er meget vigtigt.\"<\/p>\n<h2>Kan varmt anbefales til nye praktikanter<\/h2>\n<p>Til dem, der overvejer en praktikplads hos SPARQ Balustrades, har Cristian et klart budskab: \"Du bliver accepteret her, som du er. Det er et dejligt team med et godt arbejdsklima. Der er h\u00e5rdt arbejde, men ogs\u00e5 masser af plads til en snak.\"<\/p>\n<p>Vi gl\u00e6der os over Cristian's engagement og entusiasme. Han er en v\u00e6rdifuld tilf\u00f8jelse til vores team, og vi ser frem til at vokse sammen med ham. Er du nysgerrig efter praktik- eller karrieremuligheder hos SPARQ Balustrades? Du er velkommen til at kontakte os. Vi vil med gl\u00e6de fort\u00e6lle dig mere!<\/p>\n<\/div><\/div><\/div><\/div><\/div><\/p>","protected":false},"excerpt":{"rendered":"<p>Oplev vores nye 1 kN balustradeprofiler, der er udviklet til at give sikkerhed og stabilitet til mindre projekter og indend\u00f8rs brug. Denne lettere serie supplerer vores eksisterende 2 kN-sortiment og er velegnet til lavere belastningssituationer. Tilg\u00e6ngelig fra februar 2025. Hold \u00f8je med vores side for opdateringer!<\/p>\n<p style=\"text-align: right\"><a href=\"#\">L\u00e6s mere &gt;&gt;&gt; <\/a><\/p>","protected":false},"author":2,"featured_media":2094,"comment_status":"closed","ping_status":"closed","sticky":false,"template":"","format":"standard","meta":{"footnotes":""},"categories":[1],"tags":[],"class_list":["post-2092","post","type-post","status-publish","format-standard","has-post-thumbnail","hentry","category-nieuws"],"yoast_head":"<!-- This site is optimized with the Yoast SEO plugin v27.2 - https:\/\/yoast.com\/product\/yoast-seo-wordpress\/ -->\n<title>SPARQ balustrades | Nieuws | Ontmoet Cristian: onze stagiair die techniek en commercie combineert<\/title>\n<meta name=\"description\" content=\"Bekijk het laatste nieuws over onze branche en bedrijf | Ontmoet Cristian: onze stagiair die techniek en commercie combineert\" \/>\n<meta name=\"robots\" content=\"index, follow, max-snippet:-1, max-image-preview:large, max-video-preview:-1\" \/>\n<link rel=\"canonical\" href=\"https:\/\/www.sparqbalustrades.nl\/da\/mod-cristian-vores-praktikant-der-kombinerer-teknologi-og-handel\/\" \/>\n<meta property=\"og:locale\" content=\"da_DK\" \/>\n<meta property=\"og:type\" content=\"article\" \/>\n<meta property=\"og:title\" content=\"SPARQ balustrades | Nieuws | Ontmoet Cristian: onze stagiair die techniek en commercie combineert\" \/>\n<meta property=\"og:description\" content=\"Bekijk het laatste nieuws over onze branche en bedrijf | Ontmoet Cristian: onze stagiair die techniek en commercie combineert\" \/>\n<meta property=\"og:url\" content=\"https:\/\/www.sparqbalustrades.nl\/da\/mod-cristian-vores-praktikant-der-kombinerer-teknologi-og-handel\/\" \/>\n<meta property=\"og:site_name\" content=\"SPARQ Balustrades\" \/>\n<meta property=\"article:publisher\" content=\"https:\/\/www.facebook.com\/profile.php?id=100047334683162\" \/>\n<meta property=\"article:published_time\" content=\"2025-03-04T15:10:23+00:00\" \/>\n<meta property=\"article:modified_time\" content=\"2025-03-05T07:53:33+00:00\" \/>\n<meta property=\"og:image\" content=\"https:\/\/www.sparqbalustrades.nl\/wp-content\/uploads\/2025\/03\/Cristian-Scheltinga.webp\" \/>\n\t<meta property=\"og:image:width\" content=\"1920\" \/>\n\t<meta property=\"og:image:height\" content=\"1080\" \/>\n\t<meta property=\"og:image:type\" content=\"image\/webp\" \/>\n<meta name=\"author\" content=\"Webmaster\" \/>\n<meta name=\"twitter:card\" content=\"summary_large_image\" \/>\n<meta name=\"twitter:label1\" content=\"Skrevet af\" \/>\n\t<meta name=\"twitter:data1\" content=\"Webmaster\" \/>\n\t<meta name=\"twitter:label2\" content=\"Estimeret l\u00e6setid\" \/>\n\t<meta name=\"twitter:data2\" content=\"3 minutter\" \/>\n<script type=\"application\/ld+json\" class=\"yoast-schema-graph\">{\"@context\":\"https:\/\/schema.org\",\"@graph\":[{\"@type\":\"Article\",\"@id\":\"https:\/\/www.sparqbalustrades.nl\/ontmoet-cristian-onze-stagiair-die-techniek-en-commercie-combineert\/#article\",\"isPartOf\":{\"@id\":\"https:\/\/www.sparqbalustrades.nl\/ontmoet-cristian-onze-stagiair-die-techniek-en-commercie-combineert\/\"},\"author\":{\"name\":\"Webmaster\",\"@id\":\"https:\/\/www.sparqbalustrades.nl\/#\/schema\/person\/55c6ab5cf0000ddf6178e4224873f173\"},\"headline\":\"Ontmoet Cristian: onze stagiair die techniek en commercie combineert\",\"datePublished\":\"2025-03-04T15:10:23+00:00\",\"dateModified\":\"2025-03-05T07:53:33+00:00\",\"mainEntityOfPage\":{\"@id\":\"https:\/\/www.sparqbalustrades.nl\/ontmoet-cristian-onze-stagiair-die-techniek-en-commercie-combineert\/\"},\"wordCount\":2158,\"publisher\":{\"@id\":\"https:\/\/www.sparqbalustrades.nl\/#organization\"},\"image\":{\"@id\":\"https:\/\/www.sparqbalustrades.nl\/ontmoet-cristian-onze-stagiair-die-techniek-en-commercie-combineert\/#primaryimage\"},\"thumbnailUrl\":\"https:\/\/www.sparqbalustrades.nl\/wp-content\/uploads\/2025\/03\/Cristian-Scheltinga.webp\",\"articleSection\":[\"Nieuws\"],\"inLanguage\":\"da-DK\"},{\"@type\":\"WebPage\",\"@id\":\"https:\/\/www.sparqbalustrades.nl\/ontmoet-cristian-onze-stagiair-die-techniek-en-commercie-combineert\/\",\"url\":\"https:\/\/www.sparqbalustrades.nl\/ontmoet-cristian-onze-stagiair-die-techniek-en-commercie-combineert\/\",\"name\":\"SPARQ balustrades | Nieuws | Ontmoet Cristian: onze stagiair die techniek en commercie combineert\",\"isPartOf\":{\"@id\":\"https:\/\/www.sparqbalustrades.nl\/#website\"},\"primaryImageOfPage\":{\"@id\":\"https:\/\/www.sparqbalustrades.nl\/ontmoet-cristian-onze-stagiair-die-techniek-en-commercie-combineert\/#primaryimage\"},\"image\":{\"@id\":\"https:\/\/www.sparqbalustrades.nl\/ontmoet-cristian-onze-stagiair-die-techniek-en-commercie-combineert\/#primaryimage\"},\"thumbnailUrl\":\"https:\/\/www.sparqbalustrades.nl\/wp-content\/uploads\/2025\/03\/Cristian-Scheltinga.webp\",\"datePublished\":\"2025-03-04T15:10:23+00:00\",\"dateModified\":\"2025-03-05T07:53:33+00:00\",\"description\":\"Bekijk het laatste nieuws over onze branche en bedrijf | Ontmoet Cristian: onze stagiair die techniek en commercie combineert\",\"breadcrumb\":{\"@id\":\"https:\/\/www.sparqbalustrades.nl\/ontmoet-cristian-onze-stagiair-die-techniek-en-commercie-combineert\/#breadcrumb\"},\"inLanguage\":\"da-DK\",\"potentialAction\":[{\"@type\":\"ReadAction\",\"target\":[\"https:\/\/www.sparqbalustrades.nl\/ontmoet-cristian-onze-stagiair-die-techniek-en-commercie-combineert\/\"]}]},{\"@type\":\"ImageObject\",\"inLanguage\":\"da-DK\",\"@id\":\"https:\/\/www.sparqbalustrades.nl\/ontmoet-cristian-onze-stagiair-die-techniek-en-commercie-combineert\/#primaryimage\",\"url\":\"https:\/\/www.sparqbalustrades.nl\/wp-content\/uploads\/2025\/03\/Cristian-Scheltinga.webp\",\"contentUrl\":\"https:\/\/www.sparqbalustrades.nl\/wp-content\/uploads\/2025\/03\/Cristian-Scheltinga.webp\",\"width\":1920,\"height\":1080},{\"@type\":\"BreadcrumbList\",\"@id\":\"https:\/\/www.sparqbalustrades.nl\/ontmoet-cristian-onze-stagiair-die-techniek-en-commercie-combineert\/#breadcrumb\",\"itemListElement\":[{\"@type\":\"ListItem\",\"position\":1,\"name\":\"Home\",\"item\":\"https:\/\/www.sparqbalustrades.nl\/\"},{\"@type\":\"ListItem\",\"position\":2,\"name\":\"Nieuws\",\"item\":\"https:\/\/www.sparqbalustrades.nl\/category\/nieuws\/\"},{\"@type\":\"ListItem\",\"position\":3,\"name\":\"Ontmoet Cristian: onze stagiair die techniek en commercie combineert\"}]},{\"@type\":\"WebSite\",\"@id\":\"https:\/\/www.sparqbalustrades.nl\/#website\",\"url\":\"https:\/\/www.sparqbalustrades.nl\/\",\"name\":\"SPARQ Balustrades\",\"description\":\"Look Further\",\"publisher\":{\"@id\":\"https:\/\/www.sparqbalustrades.nl\/#organization\"},\"alternateName\":\"De specialist in volglasbalustrades\",\"potentialAction\":[{\"@type\":\"SearchAction\",\"target\":{\"@type\":\"EntryPoint\",\"urlTemplate\":\"https:\/\/www.sparqbalustrades.nl\/?s={search_term_string}\"},\"query-input\":{\"@type\":\"PropertyValueSpecification\",\"valueRequired\":true,\"valueName\":\"search_term_string\"}}],\"inLanguage\":\"da-DK\"},{\"@type\":\"Organization\",\"@id\":\"https:\/\/www.sparqbalustrades.nl\/#organization\",\"name\":\"SPARQ Balustrades\",\"alternateName\":\"SPARQ Volglasbalustrades\",\"url\":\"https:\/\/www.sparqbalustrades.nl\/\",\"logo\":{\"@type\":\"ImageObject\",\"inLanguage\":\"da-DK\",\"@id\":\"https:\/\/www.sparqbalustrades.nl\/#\/schema\/logo\/image\/\",\"url\":\"https:\/\/www.sparqbalustrades.nl\/wp-content\/uploads\/2024\/08\/team2024.webp\",\"contentUrl\":\"https:\/\/www.sparqbalustrades.nl\/wp-content\/uploads\/2024\/08\/team2024.webp\",\"width\":1920,\"height\":1080,\"caption\":\"SPARQ Balustrades\"},\"image\":{\"@id\":\"https:\/\/www.sparqbalustrades.nl\/#\/schema\/logo\/image\/\"},\"sameAs\":[\"https:\/\/www.facebook.com\/profile.php?id=100047334683162\",\"https:\/\/www.instagram.com\/sparqbalustrades\/\",\"https:\/\/nl.pinterest.com\/sparq_balustrades\/\",\"https:\/\/www.youtube.com\/channel\/UCJX3WLp4-Tp8NXgbXmxz_2g\",\"https:\/\/www.linkedin.com\/company\/sparq-balustrades\/\"]},{\"@type\":\"Person\",\"@id\":\"https:\/\/www.sparqbalustrades.nl\/#\/schema\/person\/55c6ab5cf0000ddf6178e4224873f173\",\"name\":\"Webmaster\",\"image\":{\"@type\":\"ImageObject\",\"inLanguage\":\"da-DK\",\"@id\":\"https:\/\/secure.gravatar.com\/avatar\/6749503cb07dc156d8664fdb3d16e2102da50ba522cc0b1bfed165dfb6af86ef?s=96&d=mm&r=g\",\"url\":\"https:\/\/secure.gravatar.com\/avatar\/6749503cb07dc156d8664fdb3d16e2102da50ba522cc0b1bfed165dfb6af86ef?s=96&d=mm&r=g\",\"contentUrl\":\"https:\/\/secure.gravatar.com\/avatar\/6749503cb07dc156d8664fdb3d16e2102da50ba522cc0b1bfed165dfb6af86ef?s=96&d=mm&r=g\",\"caption\":\"Webmaster\"}}]}<\/script>\n<!-- \/ Yoast SEO plugin. -->","yoast_head_json":{"title":"SPARQ balustrader | Nyheder | M\u00f8d Cristian: vores praktikant, der kombinerer teknologi og handel","description":"Se de seneste nyheder om vores branche og virksomhed | M\u00f8d Cristian: vores praktikant, der kombinerer teknologi og handel","robots":{"index":"index","follow":"follow","max-snippet":"max-snippet:-1","max-image-preview":"max-image-preview:large","max-video-preview":"max-video-preview:-1"},"canonical":"https:\/\/www.sparqbalustrades.nl\/da\/mod-cristian-vores-praktikant-der-kombinerer-teknologi-og-handel\/","og_locale":"da_DK","og_type":"article","og_title":"SPARQ balustrades | Nieuws | Ontmoet Cristian: onze stagiair die techniek en commercie combineert","og_description":"Bekijk het laatste nieuws over onze branche en bedrijf | Ontmoet Cristian: onze stagiair die techniek en commercie combineert","og_url":"https:\/\/www.sparqbalustrades.nl\/da\/mod-cristian-vores-praktikant-der-kombinerer-teknologi-og-handel\/","og_site_name":"SPARQ Balustrades","article_publisher":"https:\/\/www.facebook.com\/profile.php?id=100047334683162","article_published_time":"2025-03-04T15:10:23+00:00","article_modified_time":"2025-03-05T07:53:33+00:00","og_image":[{"width":1920,"height":1080,"url":"https:\/\/www.sparqbalustrades.nl\/wp-content\/uploads\/2025\/03\/Cristian-Scheltinga.webp","type":"image\/webp"}],"author":"Webmaster","twitter_card":"summary_large_image","twitter_misc":{"Skrevet af":"Webmaster","Estimeret l\u00e6setid":"3 minutter"},"schema":{"@context":"https:\/\/schema.org","@graph":[{"@type":"Article","@id":"https:\/\/www.sparqbalustrades.nl\/ontmoet-cristian-onze-stagiair-die-techniek-en-commercie-combineert\/#article","isPartOf":{"@id":"https:\/\/www.sparqbalustrades.nl\/ontmoet-cristian-onze-stagiair-die-techniek-en-commercie-combineert\/"},"author":{"name":"Webmaster","@id":"https:\/\/www.sparqbalustrades.nl\/#\/schema\/person\/55c6ab5cf0000ddf6178e4224873f173"},"headline":"Ontmoet Cristian: onze stagiair die techniek en commercie combineert","datePublished":"2025-03-04T15:10:23+00:00","dateModified":"2025-03-05T07:53:33+00:00","mainEntityOfPage":{"@id":"https:\/\/www.sparqbalustrades.nl\/ontmoet-cristian-onze-stagiair-die-techniek-en-commercie-combineert\/"},"wordCount":2158,"publisher":{"@id":"https:\/\/www.sparqbalustrades.nl\/#organization"},"image":{"@id":"https:\/\/www.sparqbalustrades.nl\/ontmoet-cristian-onze-stagiair-die-techniek-en-commercie-combineert\/#primaryimage"},"thumbnailUrl":"https:\/\/www.sparqbalustrades.nl\/wp-content\/uploads\/2025\/03\/Cristian-Scheltinga.webp","articleSection":["Nieuws"],"inLanguage":"da-DK"},{"@type":"WebPage","@id":"https:\/\/www.sparqbalustrades.nl\/ontmoet-cristian-onze-stagiair-die-techniek-en-commercie-combineert\/","url":"https:\/\/www.sparqbalustrades.nl\/ontmoet-cristian-onze-stagiair-die-techniek-en-commercie-combineert\/","name":"SPARQ balustrader | Nyheder | M\u00f8d Cristian: vores praktikant, der kombinerer teknologi og handel","isPartOf":{"@id":"https:\/\/www.sparqbalustrades.nl\/#website"},"primaryImageOfPage":{"@id":"https:\/\/www.sparqbalustrades.nl\/ontmoet-cristian-onze-stagiair-die-techniek-en-commercie-combineert\/#primaryimage"},"image":{"@id":"https:\/\/www.sparqbalustrades.nl\/ontmoet-cristian-onze-stagiair-die-techniek-en-commercie-combineert\/#primaryimage"},"thumbnailUrl":"https:\/\/www.sparqbalustrades.nl\/wp-content\/uploads\/2025\/03\/Cristian-Scheltinga.webp","datePublished":"2025-03-04T15:10:23+00:00","dateModified":"2025-03-05T07:53:33+00:00","description":"Se de seneste nyheder om vores branche og virksomhed | M\u00f8d Cristian: vores praktikant, der kombinerer teknologi og handel","breadcrumb":{"@id":"https:\/\/www.sparqbalustrades.nl\/ontmoet-cristian-onze-stagiair-die-techniek-en-commercie-combineert\/#breadcrumb"},"inLanguage":"da-DK","potentialAction":[{"@type":"ReadAction","target":["https:\/\/www.sparqbalustrades.nl\/ontmoet-cristian-onze-stagiair-die-techniek-en-commercie-combineert\/"]}]},{"@type":"ImageObject","inLanguage":"da-DK","@id":"https:\/\/www.sparqbalustrades.nl\/ontmoet-cristian-onze-stagiair-die-techniek-en-commercie-combineert\/#primaryimage","url":"https:\/\/www.sparqbalustrades.nl\/wp-content\/uploads\/2025\/03\/Cristian-Scheltinga.webp","contentUrl":"https:\/\/www.sparqbalustrades.nl\/wp-content\/uploads\/2025\/03\/Cristian-Scheltinga.webp","width":1920,"height":1080},{"@type":"BreadcrumbList","@id":"https:\/\/www.sparqbalustrades.nl\/ontmoet-cristian-onze-stagiair-die-techniek-en-commercie-combineert\/#breadcrumb","itemListElement":[{"@type":"ListItem","position":1,"name":"Home","item":"https:\/\/www.sparqbalustrades.nl\/"},{"@type":"ListItem","position":2,"name":"Nieuws","item":"https:\/\/www.sparqbalustrades.nl\/category\/nieuws\/"},{"@type":"ListItem","position":3,"name":"Ontmoet Cristian: onze stagiair die techniek en commercie combineert"}]},{"@type":"WebSite","@id":"https:\/\/www.sparqbalustrades.nl\/#website","url":"https:\/\/www.sparqbalustrades.nl\/","name":"SPARQ Gel\u00e6ndere","description":"Se l\u00e6ngere frem","publisher":{"@id":"https:\/\/www.sparqbalustrades.nl\/#organization"},"alternateName":"De specialist in volglasbalustrades","potentialAction":[{"@type":"SearchAction","target":{"@type":"EntryPoint","urlTemplate":"https:\/\/www.sparqbalustrades.nl\/?s={search_term_string}"},"query-input":{"@type":"PropertyValueSpecification","valueRequired":true,"valueName":"search_term_string"}}],"inLanguage":"da-DK"},{"@type":"Organization","@id":"https:\/\/www.sparqbalustrades.nl\/#organization","name":"SPARQ Gel\u00e6ndere","alternateName":"SPARQ Volglasbalustrades","url":"https:\/\/www.sparqbalustrades.nl\/","logo":{"@type":"ImageObject","inLanguage":"da-DK","@id":"https:\/\/www.sparqbalustrades.nl\/#\/schema\/logo\/image\/","url":"https:\/\/www.sparqbalustrades.nl\/wp-content\/uploads\/2024\/08\/team2024.webp","contentUrl":"https:\/\/www.sparqbalustrades.nl\/wp-content\/uploads\/2024\/08\/team2024.webp","width":1920,"height":1080,"caption":"SPARQ Balustrades"},"image":{"@id":"https:\/\/www.sparqbalustrades.nl\/#\/schema\/logo\/image\/"},"sameAs":["https:\/\/www.facebook.com\/profile.php?id=100047334683162","https:\/\/www.instagram.com\/sparqbalustrades\/","https:\/\/nl.pinterest.com\/sparq_balustrades\/","https:\/\/www.youtube.com\/channel\/UCJX3WLp4-Tp8NXgbXmxz_2g","https:\/\/www.linkedin.com\/company\/sparq-balustrades\/"]},{"@type":"Person","@id":"https:\/\/www.sparqbalustrades.nl\/#\/schema\/person\/55c6ab5cf0000ddf6178e4224873f173","name":"Webmaster","image":{"@type":"ImageObject","inLanguage":"da-DK","@id":"https:\/\/secure.gravatar.com\/avatar\/6749503cb07dc156d8664fdb3d16e2102da50ba522cc0b1bfed165dfb6af86ef?s=96&d=mm&r=g","url":"https:\/\/secure.gravatar.com\/avatar\/6749503cb07dc156d8664fdb3d16e2102da50ba522cc0b1bfed165dfb6af86ef?s=96&d=mm&r=g","contentUrl":"https:\/\/secure.gravatar.com\/avatar\/6749503cb07dc156d8664fdb3d16e2102da50ba522cc0b1bfed165dfb6af86ef?s=96&d=mm&r=g","caption":"Webmaster"}}]}},"_links":{"self":[{"href":"https:\/\/www.sparqbalustrades.nl\/da\/wp-json\/wp\/v2\/posts\/2092","targetHints":{"allow":["GET"]}}],"collection":[{"href":"https:\/\/www.sparqbalustrades.nl\/da\/wp-json\/wp\/v2\/posts"}],"about":[{"href":"https:\/\/www.sparqbalustrades.nl\/da\/wp-json\/wp\/v2\/types\/post"}],"author":[{"embeddable":true,"href":"https:\/\/www.sparqbalustrades.nl\/da\/wp-json\/wp\/v2\/users\/2"}],"replies":[{"embeddable":true,"href":"https:\/\/www.sparqbalustrades.nl\/da\/wp-json\/wp\/v2\/comments?post=2092"}],"version-history":[{"count":3,"href":"https:\/\/www.sparqbalustrades.nl\/da\/wp-json\/wp\/v2\/posts\/2092\/revisions"}],"predecessor-version":[{"id":2105,"href":"https:\/\/www.sparqbalustrades.nl\/da\/wp-json\/wp\/v2\/posts\/2092\/revisions\/2105"}],"wp:featuredmedia":[{"embeddable":true,"href":"https:\/\/www.sparqbalustrades.nl\/da\/wp-json\/wp\/v2\/media\/2094"}],"wp:attachment":[{"href":"https:\/\/www.sparqbalustrades.nl\/da\/wp-json\/wp\/v2\/media?parent=2092"}],"wp:term":[{"taxonomy":"category","embeddable":true,"href":"https:\/\/www.sparqbalustrades.nl\/da\/wp-json\/wp\/v2\/categories?post=2092"},{"taxonomy":"post_tag","embeddable":true,"href":"https:\/\/www.sparqbalustrades.nl\/da\/wp-json\/wp\/v2\/tags?post=2092"}],"curies":[{"name":"wp","href":"https:\/\/api.w.org\/{rel}","templated":true}]}}