{"id":1,"date":"2024-03-06T08:32:10","date_gmt":"2024-03-06T08:32:10","guid":{"rendered":"https:\/\/www.sparqbalustrades.nl\/?p=1"},"modified":"2024-09-03T12:56:18","modified_gmt":"2024-09-03T12:56:18","slug":"montagehelferin","status":"publish","type":"post","link":"https:\/\/www.sparqbalustrades.nl\/de\/assistent-montagemedewerker\/","title":{"rendered":"Assistentin in der Montage"},"content":{"rendered":"<div class=\"fusion-fullwidth fullwidth-box fusion-builder-row-1 fusion-flex-container has-pattern-background has-mask-background nonhundred-percent-fullwidth non-hundred-percent-height-scrolling\" style=\"--awb-border-radius-top-left:0px;--awb-border-radius-top-right:0px;--awb-border-radius-bottom-right:0px;--awb-border-radius-bottom-left:0px;--awb-flex-wrap:wrap;\" ><div class=\"fusion-builder-row fusion-row fusion-flex-align-items-flex-start fusion-flex-content-wrap\" style=\"max-width:1248px;margin-left: calc(-4% \/ 2 );margin-right: calc(-4% \/ 2 );\"><div class=\"fusion-layout-column fusion_builder_column fusion-builder-column-0 fusion_builder_column_1_1 1_1 fusion-flex-column\" style=\"--awb-bg-size:cover;--awb-width-large:100%;--awb-margin-top-large:0px;--awb-spacing-right-large:1.92%;--awb-margin-bottom-large:20px;--awb-spacing-left-large:1.92%;--awb-width-medium:100%;--awb-order-medium:0;--awb-spacing-right-medium:1.92%;--awb-spacing-left-medium:1.92%;--awb-width-small:100%;--awb-order-small:0;--awb-spacing-right-small:1.92%;--awb-spacing-left-small:1.92%;\"><div class=\"fusion-column-wrapper fusion-column-has-shadow fusion-flex-justify-content-flex-start fusion-content-layout-column\"><div class=\"fusion-text fusion-text-1\"><h1>Hey, zuk\u00fcnftiger Mechaniker bei SPARQ!<\/h1>\n<p>SPARQ Balustraden, sch\u00f6n Sie kennenzulernen! Wir liefern und montieren hochwertige Glasbalustraden f\u00fcr stilvolle Bau- und Renovierungsprojekte. Von unserem Standort in Heerenveen aus bedienen wir die Niederlande und Belgien und exportieren in andere europ\u00e4ische L\u00e4nder. Wir streben nach Nachhaltigkeit und Innovation und arbeiten daran, die besten L\u00f6sungen f\u00fcr unsere Kunden zu finden. Wir sind ein eingespieltes Team von 20 Mitarbeitern, in dem jeder sein eigenes Fachwissen hat. Aber die Zusammenarbeit steht bei uns an erster Stelle. So k\u00f6nnen Sie mit Ihrem Engagement und Ihrer Begeisterung wirklich etwas bewirken.<\/p>\n<h2>Ihre Rolle als Montagehelferin<\/h2>\n<p>In dieser Funktion sind Sie an der Montage von Gel\u00e4ndern und anderen Glasprodukten beteiligt. Sie arbeiten eng mit unserem Vorarbeiter oder einem erfahrenen Monteur zusammen. Sie werden in den gesamten Niederlanden und manchmal auch in Belgien an speziellen, oft luxuri\u00f6sen Geb\u00e4uden arbeiten. Sicherheit und Qualit\u00e4t sind wichtig, deshalb sorgen wir f\u00fcr eine gute Betreuung und stellen sicher, dass Sie die richtige pers\u00f6nliche Schutzausr\u00fcstung haben. Es gibt auch Raum f\u00fcr Ihre Ideen, um unsere Prozesse noch besser zu machen.<\/p>\n<h2>Was wir suchen...<\/h2>\n<ul>\n<li>MBO Arbeits- und Denkebene<\/li>\n<li>Technischer Einblick<\/li>\n<li>Abgeordneter<\/li>\n<li>Ordentlich und sicher arbeiten k\u00f6nnen<\/li>\n<\/ul>\n<h2>Was Sie erwarten k\u00f6nnen...<\/h2>\n<ul>\n<li>Eine abwechslungsreiche T\u00e4tigkeit mit viel Freiheit und Verantwortung<\/li>\n<li>Vollzeitbesch\u00e4ftigung<\/li>\n<li>25 Feiertage und 13 ATV-Tage<\/li>\n<li>Gehaltsangabe: \u20ac 1800 - \u20ac 2500, je nach Alter und Erfahrung<\/li>\n<li>Standort Heerenveen, haupts\u00e4chlich vor Ort t\u00e4tig<\/li>\n<li>Aussicht auf einen unbefristeten Vertrag<\/li>\n<li>M\u00f6glichkeit zum Aufstieg zum selbst\u00e4ndigen Mechaniker und zum mitarbeitenden Vorarbeiter.<\/li>\n<\/ul>\n<p>Interessiert? Senden Sie Ihre Motivation und Ihren Lebenslauf an jorrit@sparqbalustrades.nl. Haben Sie noch Fragen? Rufen Sie Jorrit unter 06-48692549 an.<\/p>\n<\/div><\/div><\/div><\/div><\/div>","protected":false},"excerpt":{"rendered":"<p>&lt;a","protected":false},"author":1,"featured_media":0,"comment_status":"open","ping_status":"open","sticky":false,"template":"","format":"standard","meta":{"footnotes":""},"categories":[41],"tags":[],"class_list":["post-1","post","type-post","status-publish","format-standard","hentry","category-vacatures"],"yoast_head":"<!-- This site is optimized with the Yoast SEO plugin v27.2 - https:\/\/yoast.com\/product\/yoast-seo-wordpress\/ -->\n<title>SPARQ balustrades | Nieuws | Assistent montage medewerk(st)er<\/title>\n<meta name=\"description\" content=\"Bekijk het laatste nieuws over onze branche en bedrijf | Assistent montage medewerk(st)er\" \/>\n<meta name=\"robots\" content=\"index, follow, max-snippet:-1, max-image-preview:large, max-video-preview:-1\" \/>\n<link rel=\"canonical\" href=\"https:\/\/www.sparqbalustrades.nl\/de\/montagehelferin\/\" \/>\n<meta property=\"og:locale\" content=\"de_DE\" \/>\n<meta property=\"og:type\" content=\"article\" \/>\n<meta property=\"og:title\" content=\"SPARQ balustrades | Nieuws | Assistent montage medewerk(st)er\" \/>\n<meta property=\"og:description\" content=\"Bekijk het laatste nieuws over onze branche en bedrijf | Assistent montage medewerk(st)er\" \/>\n<meta property=\"og:url\" content=\"https:\/\/www.sparqbalustrades.nl\/de\/montagehelferin\/\" \/>\n<meta property=\"og:site_name\" content=\"SPARQ Balustrades\" \/>\n<meta property=\"article:publisher\" content=\"https:\/\/www.facebook.com\/profile.php?id=100047334683162\" \/>\n<meta property=\"article:published_time\" content=\"2024-03-06T08:32:10+00:00\" \/>\n<meta property=\"article:modified_time\" content=\"2024-09-03T12:56:18+00:00\" \/>\n<meta property=\"og:image\" content=\"https:\/\/www.sparqbalustrades.nl\/wp-content\/uploads\/2024\/08\/team2024.webp\" \/>\n\t<meta property=\"og:image:width\" content=\"1920\" \/>\n\t<meta property=\"og:image:height\" content=\"1080\" \/>\n\t<meta property=\"og:image:type\" content=\"image\/webp\" \/>\n<meta name=\"author\" content=\"sparq.brulmedia\" \/>\n<meta name=\"twitter:card\" content=\"summary_large_image\" \/>\n<meta name=\"twitter:label1\" content=\"Verfasst von\" \/>\n\t<meta name=\"twitter:data1\" content=\"sparq.brulmedia\" \/>\n\t<meta name=\"twitter:label2\" content=\"Gesch\u00e4tzte Lesezeit\" \/>\n\t<meta name=\"twitter:data2\" content=\"6\u00a0Minuten\" \/>\n<script type=\"application\/ld+json\" class=\"yoast-schema-graph\">{\"@context\":\"https:\/\/schema.org\",\"@graph\":[{\"@type\":\"Article\",\"@id\":\"https:\/\/www.sparqbalustrades.nl\/assistent-montagemedewerker\/#article\",\"isPartOf\":{\"@id\":\"https:\/\/www.sparqbalustrades.nl\/assistent-montagemedewerker\/\"},\"author\":{\"name\":\"sparq.brulmedia\",\"@id\":\"https:\/\/www.sparqbalustrades.nl\/#\/schema\/person\/0bc638850200626d3cbfe165c832962c\"},\"headline\":\"Assistent montage medewerk(st)er\",\"datePublished\":\"2024-03-06T08:32:10+00:00\",\"dateModified\":\"2024-09-03T12:56:18+00:00\",\"mainEntityOfPage\":{\"@id\":\"https:\/\/www.sparqbalustrades.nl\/assistent-montagemedewerker\/\"},\"wordCount\":1290,\"commentCount\":16,\"publisher\":{\"@id\":\"https:\/\/www.sparqbalustrades.nl\/#organization\"},\"articleSection\":[\"Vacatures\"],\"inLanguage\":\"de\",\"potentialAction\":[{\"@type\":\"CommentAction\",\"name\":\"Comment\",\"target\":[\"https:\/\/www.sparqbalustrades.nl\/assistent-montagemedewerker\/#respond\"]}]},{\"@type\":\"WebPage\",\"@id\":\"https:\/\/www.sparqbalustrades.nl\/assistent-montagemedewerker\/\",\"url\":\"https:\/\/www.sparqbalustrades.nl\/assistent-montagemedewerker\/\",\"name\":\"SPARQ balustrades | Nieuws | Assistent montage medewerk(st)er\",\"isPartOf\":{\"@id\":\"https:\/\/www.sparqbalustrades.nl\/#website\"},\"datePublished\":\"2024-03-06T08:32:10+00:00\",\"dateModified\":\"2024-09-03T12:56:18+00:00\",\"description\":\"Bekijk het laatste nieuws over onze branche en bedrijf | Assistent montage medewerk(st)er\",\"breadcrumb\":{\"@id\":\"https:\/\/www.sparqbalustrades.nl\/assistent-montagemedewerker\/#breadcrumb\"},\"inLanguage\":\"de\",\"potentialAction\":[{\"@type\":\"ReadAction\",\"target\":[\"https:\/\/www.sparqbalustrades.nl\/assistent-montagemedewerker\/\"]}]},{\"@type\":\"BreadcrumbList\",\"@id\":\"https:\/\/www.sparqbalustrades.nl\/assistent-montagemedewerker\/#breadcrumb\",\"itemListElement\":[{\"@type\":\"ListItem\",\"position\":1,\"name\":\"Home\",\"item\":\"https:\/\/www.sparqbalustrades.nl\/\"},{\"@type\":\"ListItem\",\"position\":2,\"name\":\"Vacatures\",\"item\":\"https:\/\/www.sparqbalustrades.nl\/category\/vacatures\/\"},{\"@type\":\"ListItem\",\"position\":3,\"name\":\"Assistent montage medewerk(st)er\"}]},{\"@type\":\"WebSite\",\"@id\":\"https:\/\/www.sparqbalustrades.nl\/#website\",\"url\":\"https:\/\/www.sparqbalustrades.nl\/\",\"name\":\"SPARQ Balustrades\",\"description\":\"Look Further\",\"publisher\":{\"@id\":\"https:\/\/www.sparqbalustrades.nl\/#organization\"},\"alternateName\":\"De specialist in volglasbalustrades\",\"potentialAction\":[{\"@type\":\"SearchAction\",\"target\":{\"@type\":\"EntryPoint\",\"urlTemplate\":\"https:\/\/www.sparqbalustrades.nl\/?s={search_term_string}\"},\"query-input\":{\"@type\":\"PropertyValueSpecification\",\"valueRequired\":true,\"valueName\":\"search_term_string\"}}],\"inLanguage\":\"de\"},{\"@type\":\"Organization\",\"@id\":\"https:\/\/www.sparqbalustrades.nl\/#organization\",\"name\":\"SPARQ Balustrades\",\"alternateName\":\"SPARQ Volglasbalustrades\",\"url\":\"https:\/\/www.sparqbalustrades.nl\/\",\"logo\":{\"@type\":\"ImageObject\",\"inLanguage\":\"de\",\"@id\":\"https:\/\/www.sparqbalustrades.nl\/#\/schema\/logo\/image\/\",\"url\":\"https:\/\/www.sparqbalustrades.nl\/wp-content\/uploads\/2024\/08\/team2024.webp\",\"contentUrl\":\"https:\/\/www.sparqbalustrades.nl\/wp-content\/uploads\/2024\/08\/team2024.webp\",\"width\":1920,\"height\":1080,\"caption\":\"SPARQ Balustrades\"},\"image\":{\"@id\":\"https:\/\/www.sparqbalustrades.nl\/#\/schema\/logo\/image\/\"},\"sameAs\":[\"https:\/\/www.facebook.com\/profile.php?id=100047334683162\",\"https:\/\/www.instagram.com\/sparqbalustrades\/\",\"https:\/\/nl.pinterest.com\/sparq_balustrades\/\",\"https:\/\/www.youtube.com\/channel\/UCJX3WLp4-Tp8NXgbXmxz_2g\",\"https:\/\/www.linkedin.com\/company\/sparq-balustrades\/\"]},{\"@type\":\"Person\",\"@id\":\"https:\/\/www.sparqbalustrades.nl\/#\/schema\/person\/0bc638850200626d3cbfe165c832962c\",\"name\":\"sparq.brulmedia\",\"image\":{\"@type\":\"ImageObject\",\"inLanguage\":\"de\",\"@id\":\"https:\/\/secure.gravatar.com\/avatar\/f3ffaa8023f5392926d527bddde451dffe78a9ccefcbb4f7a927d4d5e905cada?s=96&d=mm&r=g\",\"url\":\"https:\/\/secure.gravatar.com\/avatar\/f3ffaa8023f5392926d527bddde451dffe78a9ccefcbb4f7a927d4d5e905cada?s=96&d=mm&r=g\",\"contentUrl\":\"https:\/\/secure.gravatar.com\/avatar\/f3ffaa8023f5392926d527bddde451dffe78a9ccefcbb4f7a927d4d5e905cada?s=96&d=mm&r=g\",\"caption\":\"sparq.brulmedia\"},\"sameAs\":[\"https:\/\/www.sparqbalustrades.nl\"]}]}<\/script>\n<!-- \/ Yoast SEO plugin. -->","yoast_head_json":{"title":"SPARQ-Gel\u00e4nder | News | Montageassistentin","description":"Informieren Sie sich \u00fcber die neuesten Nachrichten \u00fcber unsere Branche und unser Unternehmen | Montageassistentin","robots":{"index":"index","follow":"follow","max-snippet":"max-snippet:-1","max-image-preview":"max-image-preview:large","max-video-preview":"max-video-preview:-1"},"canonical":"https:\/\/www.sparqbalustrades.nl\/de\/montagehelferin\/","og_locale":"de_DE","og_type":"article","og_title":"SPARQ balustrades | Nieuws | Assistent montage medewerk(st)er","og_description":"Bekijk het laatste nieuws over onze branche en bedrijf | Assistent montage medewerk(st)er","og_url":"https:\/\/www.sparqbalustrades.nl\/de\/montagehelferin\/","og_site_name":"SPARQ Balustrades","article_publisher":"https:\/\/www.facebook.com\/profile.php?id=100047334683162","article_published_time":"2024-03-06T08:32:10+00:00","article_modified_time":"2024-09-03T12:56:18+00:00","og_image":[{"width":1920,"height":1080,"url":"https:\/\/www.sparqbalustrades.nl\/wp-content\/uploads\/2024\/08\/team2024.webp","type":"image\/webp"}],"author":"sparq.brulmedia","twitter_card":"summary_large_image","twitter_misc":{"Verfasst von":"sparq.brulmedia","Gesch\u00e4tzte Lesezeit":"6\u00a0Minuten"},"schema":{"@context":"https:\/\/schema.org","@graph":[{"@type":"Article","@id":"https:\/\/www.sparqbalustrades.nl\/assistent-montagemedewerker\/#article","isPartOf":{"@id":"https:\/\/www.sparqbalustrades.nl\/assistent-montagemedewerker\/"},"author":{"name":"sparq.brulmedia","@id":"https:\/\/www.sparqbalustrades.nl\/#\/schema\/person\/0bc638850200626d3cbfe165c832962c"},"headline":"Assistent montage medewerk(st)er","datePublished":"2024-03-06T08:32:10+00:00","dateModified":"2024-09-03T12:56:18+00:00","mainEntityOfPage":{"@id":"https:\/\/www.sparqbalustrades.nl\/assistent-montagemedewerker\/"},"wordCount":1290,"commentCount":16,"publisher":{"@id":"https:\/\/www.sparqbalustrades.nl\/#organization"},"articleSection":["Vacatures"],"inLanguage":"de","potentialAction":[{"@type":"CommentAction","name":"Comment","target":["https:\/\/www.sparqbalustrades.nl\/assistent-montagemedewerker\/#respond"]}]},{"@type":"WebPage","@id":"https:\/\/www.sparqbalustrades.nl\/assistent-montagemedewerker\/","url":"https:\/\/www.sparqbalustrades.nl\/assistent-montagemedewerker\/","name":"SPARQ-Gel\u00e4nder | News | Montageassistentin","isPartOf":{"@id":"https:\/\/www.sparqbalustrades.nl\/#website"},"datePublished":"2024-03-06T08:32:10+00:00","dateModified":"2024-09-03T12:56:18+00:00","description":"Informieren Sie sich \u00fcber die neuesten Nachrichten \u00fcber unsere Branche und unser Unternehmen | Montageassistentin","breadcrumb":{"@id":"https:\/\/www.sparqbalustrades.nl\/assistent-montagemedewerker\/#breadcrumb"},"inLanguage":"de","potentialAction":[{"@type":"ReadAction","target":["https:\/\/www.sparqbalustrades.nl\/assistent-montagemedewerker\/"]}]},{"@type":"BreadcrumbList","@id":"https:\/\/www.sparqbalustrades.nl\/assistent-montagemedewerker\/#breadcrumb","itemListElement":[{"@type":"ListItem","position":1,"name":"Home","item":"https:\/\/www.sparqbalustrades.nl\/"},{"@type":"ListItem","position":2,"name":"Vacatures","item":"https:\/\/www.sparqbalustrades.nl\/category\/vacatures\/"},{"@type":"ListItem","position":3,"name":"Assistent montage medewerk(st)er"}]},{"@type":"WebSite","@id":"https:\/\/www.sparqbalustrades.nl\/#website","url":"https:\/\/www.sparqbalustrades.nl\/","name":"SPARQ Balustraden","description":"Weiter schauen","publisher":{"@id":"https:\/\/www.sparqbalustrades.nl\/#organization"},"alternateName":"De specialist in volglasbalustrades","potentialAction":[{"@type":"SearchAction","target":{"@type":"EntryPoint","urlTemplate":"https:\/\/www.sparqbalustrades.nl\/?s={search_term_string}"},"query-input":{"@type":"PropertyValueSpecification","valueRequired":true,"valueName":"search_term_string"}}],"inLanguage":"de"},{"@type":"Organization","@id":"https:\/\/www.sparqbalustrades.nl\/#organization","name":"SPARQ Balustraden","alternateName":"SPARQ Volglasbalustrades","url":"https:\/\/www.sparqbalustrades.nl\/","logo":{"@type":"ImageObject","inLanguage":"de","@id":"https:\/\/www.sparqbalustrades.nl\/#\/schema\/logo\/image\/","url":"https:\/\/www.sparqbalustrades.nl\/wp-content\/uploads\/2024\/08\/team2024.webp","contentUrl":"https:\/\/www.sparqbalustrades.nl\/wp-content\/uploads\/2024\/08\/team2024.webp","width":1920,"height":1080,"caption":"SPARQ Balustrades"},"image":{"@id":"https:\/\/www.sparqbalustrades.nl\/#\/schema\/logo\/image\/"},"sameAs":["https:\/\/www.facebook.com\/profile.php?id=100047334683162","https:\/\/www.instagram.com\/sparqbalustrades\/","https:\/\/nl.pinterest.com\/sparq_balustrades\/","https:\/\/www.youtube.com\/channel\/UCJX3WLp4-Tp8NXgbXmxz_2g","https:\/\/www.linkedin.com\/company\/sparq-balustrades\/"]},{"@type":"Person","@id":"https:\/\/www.sparqbalustrades.nl\/#\/schema\/person\/0bc638850200626d3cbfe165c832962c","name":"sparq.brulmedia","image":{"@type":"ImageObject","inLanguage":"de","@id":"https:\/\/secure.gravatar.com\/avatar\/f3ffaa8023f5392926d527bddde451dffe78a9ccefcbb4f7a927d4d5e905cada?s=96&d=mm&r=g","url":"https:\/\/secure.gravatar.com\/avatar\/f3ffaa8023f5392926d527bddde451dffe78a9ccefcbb4f7a927d4d5e905cada?s=96&d=mm&r=g","contentUrl":"https:\/\/secure.gravatar.com\/avatar\/f3ffaa8023f5392926d527bddde451dffe78a9ccefcbb4f7a927d4d5e905cada?s=96&d=mm&r=g","caption":"sparq.brulmedia"},"sameAs":["https:\/\/www.sparqbalustrades.nl"]}]}},"_links":{"self":[{"href":"https:\/\/www.sparqbalustrades.nl\/de\/wp-json\/wp\/v2\/posts\/1","targetHints":{"allow":["GET"]}}],"collection":[{"href":"https:\/\/www.sparqbalustrades.nl\/de\/wp-json\/wp\/v2\/posts"}],"about":[{"href":"https:\/\/www.sparqbalustrades.nl\/de\/wp-json\/wp\/v2\/types\/post"}],"author":[{"embeddable":true,"href":"https:\/\/www.sparqbalustrades.nl\/de\/wp-json\/wp\/v2\/users\/1"}],"replies":[{"embeddable":true,"href":"https:\/\/www.sparqbalustrades.nl\/de\/wp-json\/wp\/v2\/comments?post=1"}],"version-history":[{"count":4,"href":"https:\/\/www.sparqbalustrades.nl\/de\/wp-json\/wp\/v2\/posts\/1\/revisions"}],"predecessor-version":[{"id":509,"href":"https:\/\/www.sparqbalustrades.nl\/de\/wp-json\/wp\/v2\/posts\/1\/revisions\/509"}],"wp:attachment":[{"href":"https:\/\/www.sparqbalustrades.nl\/de\/wp-json\/wp\/v2\/media?parent=1"}],"wp:term":[{"taxonomy":"category","embeddable":true,"href":"https:\/\/www.sparqbalustrades.nl\/de\/wp-json\/wp\/v2\/categories?post=1"},{"taxonomy":"post_tag","embeddable":true,"href":"https:\/\/www.sparqbalustrades.nl\/de\/wp-json\/wp\/v2\/tags?post=1"}],"curies":[{"name":"wp","href":"https:\/\/api.w.org\/{rel}","templated":true}]}}