{"id":1,"date":"2024-03-06T08:32:10","date_gmt":"2024-03-06T08:32:10","guid":{"rendered":"https:\/\/www.sparqbalustrades.nl\/?p=1"},"modified":"2024-09-03T12:56:18","modified_gmt":"2024-09-03T12:56:18","slug":"assistant-ouvrier-dassemblage","status":"publish","type":"post","link":"https:\/\/www.sparqbalustrades.nl\/fr\/assistent-montagemedewerker\/","title":{"rendered":"Assistant ouvrier d'assemblage"},"content":{"rendered":"<div class=\"fusion-fullwidth fullwidth-box fusion-builder-row-1 fusion-flex-container has-pattern-background has-mask-background nonhundred-percent-fullwidth non-hundred-percent-height-scrolling\" style=\"--awb-border-radius-top-left:0px;--awb-border-radius-top-right:0px;--awb-border-radius-bottom-right:0px;--awb-border-radius-bottom-left:0px;--awb-flex-wrap:wrap;\" ><div class=\"fusion-builder-row fusion-row fusion-flex-align-items-flex-start fusion-flex-content-wrap\" style=\"max-width:1248px;margin-left: calc(-4% \/ 2 );margin-right: calc(-4% \/ 2 );\"><div class=\"fusion-layout-column fusion_builder_column fusion-builder-column-0 fusion_builder_column_1_1 1_1 fusion-flex-column\" style=\"--awb-bg-size:cover;--awb-width-large:100%;--awb-margin-top-large:0px;--awb-spacing-right-large:1.92%;--awb-margin-bottom-large:20px;--awb-spacing-left-large:1.92%;--awb-width-medium:100%;--awb-order-medium:0;--awb-spacing-right-medium:1.92%;--awb-spacing-left-medium:1.92%;--awb-width-small:100%;--awb-order-small:0;--awb-spacing-right-small:1.92%;--awb-spacing-left-small:1.92%;\"><div class=\"fusion-column-wrapper fusion-column-has-shadow fusion-flex-justify-content-flex-start fusion-content-layout-column\"><div class=\"fusion-text fusion-text-1\"><h1>H\u00e9, futur m\u00e9canicien de SPARQ !<\/h1>\n<p>SPARQ Balustrades, heureux de vous rencontrer ! Nous fournissons et assemblons des balustrades en verre de qualit\u00e9 sup\u00e9rieure pour des projets de construction et de r\u00e9novation \u00e9l\u00e9gants. Depuis notre si\u00e8ge \u00e0 Heerenveen, nous desservons les Pays-Bas et la Belgique et exportons vers d'autres pays d'Europe. Nous aspirons \u00e0 la durabilit\u00e9 et \u00e0 l'innovation et nous nous effor\u00e7ons de trouver les meilleures solutions pour nos clients. Nous sommes une \u00e9quipe soud\u00e9e de 20 personnes, o\u00f9 chacun a sa propre expertise. Mais travailler ensemble est primordial pour nous. Votre engagement et votre enthousiasme peuvent donc avoir un impact r\u00e9el.<\/p>\n<h2>Votre r\u00f4le en tant qu'assistant d'assemblage<\/h2>\n<p>Dans ce r\u00f4le, vous aiderez \u00e0 l'installation de balustrades et d'autres produits en verre. Vous travaillerez en \u00e9troite collaboration avec notre contrema\u00eetre ou un monteur exp\u00e9riment\u00e9. Vous travaillerez dans l'ensemble des Pays-Bas et parfois en Belgique sur des b\u00e2timents sp\u00e9ciaux et souvent luxueux. La s\u00e9curit\u00e9 et la qualit\u00e9 sont importantes, c'est pourquoi nous assurons un bon encadrement et veillons \u00e0 ce que vous disposiez de l'\u00e9quipement de protection individuelle ad\u00e9quat. Il y a \u00e9galement de la place pour vos id\u00e9es afin d'am\u00e9liorer encore nos processus.<\/p>\n<h2>Ce que nous recherchons...<\/h2>\n<ul>\n<li>Niveau de travail et de r\u00e9flexion du MBO<\/li>\n<li>Aper\u00e7u technique<\/li>\n<li>Repr\u00e9sentant<\/li>\n<li>\u00catre capable de travailler proprement et en toute s\u00e9curit\u00e9<\/li>\n<\/ul>\n<h2>Ce \u00e0 quoi vous pouvez vous attendre...<\/h2>\n<ul>\n<li>Un travail vari\u00e9 avec beaucoup de libert\u00e9 et de responsabilit\u00e9s<\/li>\n<li>Emploi \u00e0 temps plein<\/li>\n<li>25 jours f\u00e9ri\u00e9s et 13 jours ATV<\/li>\n<li>Indication de salaire : 1800 \u20ac - 2500 \u20ac, en fonction de l'\u00e2ge et de l'exp\u00e9rience<\/li>\n<li>Lieu Heerenveen, travail principalement sur site<\/li>\n<li>Perspective d'un contrat \u00e0 dur\u00e9e ind\u00e9termin\u00e9e<\/li>\n<li>Possibilit\u00e9 d'\u00e9voluer vers un poste de m\u00e9canicien ind\u00e9pendant et de contrema\u00eetre coop\u00e9rant.<\/li>\n<\/ul>\n<p>Int\u00e9ress\u00e9(e) ? Envoyez votre motivation et votre CV \u00e0 jorrit@sparqbalustrades.nl. Vous avez des questions ? Appelez Jorrit au 06-48692549 .<\/p>\n<\/div><\/div><\/div><\/div><\/div>","protected":false},"excerpt":{"rendered":"<p>&lt;a","protected":false},"author":1,"featured_media":0,"comment_status":"open","ping_status":"open","sticky":false,"template":"","format":"standard","meta":{"footnotes":""},"categories":[41],"tags":[],"class_list":["post-1","post","type-post","status-publish","format-standard","hentry","category-vacatures"],"yoast_head":"<!-- This site is optimized with the Yoast SEO plugin v27.2 - https:\/\/yoast.com\/product\/yoast-seo-wordpress\/ -->\n<title>SPARQ balustrades | Nieuws | Assistent montage medewerk(st)er<\/title>\n<meta name=\"description\" content=\"Bekijk het laatste nieuws over onze branche en bedrijf | Assistent montage medewerk(st)er\" \/>\n<meta name=\"robots\" content=\"index, follow, max-snippet:-1, max-image-preview:large, max-video-preview:-1\" \/>\n<link rel=\"canonical\" href=\"https:\/\/www.sparqbalustrades.nl\/fr\/assistant-ouvrier-dassemblage\/\" \/>\n<meta property=\"og:locale\" content=\"fr_FR\" \/>\n<meta property=\"og:type\" content=\"article\" \/>\n<meta property=\"og:title\" content=\"SPARQ balustrades | Nieuws | Assistent montage medewerk(st)er\" \/>\n<meta property=\"og:description\" content=\"Bekijk het laatste nieuws over onze branche en bedrijf | Assistent montage medewerk(st)er\" \/>\n<meta property=\"og:url\" content=\"https:\/\/www.sparqbalustrades.nl\/fr\/assistant-ouvrier-dassemblage\/\" \/>\n<meta property=\"og:site_name\" content=\"SPARQ Balustrades\" \/>\n<meta property=\"article:publisher\" content=\"https:\/\/www.facebook.com\/profile.php?id=100047334683162\" \/>\n<meta property=\"article:published_time\" content=\"2024-03-06T08:32:10+00:00\" \/>\n<meta property=\"article:modified_time\" content=\"2024-09-03T12:56:18+00:00\" \/>\n<meta property=\"og:image\" content=\"https:\/\/www.sparqbalustrades.nl\/wp-content\/uploads\/2024\/08\/team2024.webp\" \/>\n\t<meta property=\"og:image:width\" content=\"1920\" \/>\n\t<meta property=\"og:image:height\" content=\"1080\" \/>\n\t<meta property=\"og:image:type\" content=\"image\/webp\" \/>\n<meta name=\"author\" content=\"sparq.brulmedia\" \/>\n<meta name=\"twitter:card\" content=\"summary_large_image\" \/>\n<meta name=\"twitter:label1\" content=\"\u00c9crit par\" \/>\n\t<meta name=\"twitter:data1\" content=\"sparq.brulmedia\" \/>\n\t<meta name=\"twitter:label2\" content=\"Dur\u00e9e de lecture estim\u00e9e\" \/>\n\t<meta name=\"twitter:data2\" content=\"6 minutes\" \/>\n<script type=\"application\/ld+json\" class=\"yoast-schema-graph\">{\"@context\":\"https:\/\/schema.org\",\"@graph\":[{\"@type\":\"Article\",\"@id\":\"https:\/\/www.sparqbalustrades.nl\/assistent-montagemedewerker\/#article\",\"isPartOf\":{\"@id\":\"https:\/\/www.sparqbalustrades.nl\/assistent-montagemedewerker\/\"},\"author\":{\"name\":\"sparq.brulmedia\",\"@id\":\"https:\/\/www.sparqbalustrades.nl\/#\/schema\/person\/0bc638850200626d3cbfe165c832962c\"},\"headline\":\"Assistent montage medewerk(st)er\",\"datePublished\":\"2024-03-06T08:32:10+00:00\",\"dateModified\":\"2024-09-03T12:56:18+00:00\",\"mainEntityOfPage\":{\"@id\":\"https:\/\/www.sparqbalustrades.nl\/assistent-montagemedewerker\/\"},\"wordCount\":1290,\"commentCount\":16,\"publisher\":{\"@id\":\"https:\/\/www.sparqbalustrades.nl\/#organization\"},\"articleSection\":[\"Vacatures\"],\"inLanguage\":\"fr-FR\",\"potentialAction\":[{\"@type\":\"CommentAction\",\"name\":\"Comment\",\"target\":[\"https:\/\/www.sparqbalustrades.nl\/assistent-montagemedewerker\/#respond\"]}]},{\"@type\":\"WebPage\",\"@id\":\"https:\/\/www.sparqbalustrades.nl\/assistent-montagemedewerker\/\",\"url\":\"https:\/\/www.sparqbalustrades.nl\/assistent-montagemedewerker\/\",\"name\":\"SPARQ balustrades | Nieuws | Assistent montage medewerk(st)er\",\"isPartOf\":{\"@id\":\"https:\/\/www.sparqbalustrades.nl\/#website\"},\"datePublished\":\"2024-03-06T08:32:10+00:00\",\"dateModified\":\"2024-09-03T12:56:18+00:00\",\"description\":\"Bekijk het laatste nieuws over onze branche en bedrijf | Assistent montage medewerk(st)er\",\"breadcrumb\":{\"@id\":\"https:\/\/www.sparqbalustrades.nl\/assistent-montagemedewerker\/#breadcrumb\"},\"inLanguage\":\"fr-FR\",\"potentialAction\":[{\"@type\":\"ReadAction\",\"target\":[\"https:\/\/www.sparqbalustrades.nl\/assistent-montagemedewerker\/\"]}]},{\"@type\":\"BreadcrumbList\",\"@id\":\"https:\/\/www.sparqbalustrades.nl\/assistent-montagemedewerker\/#breadcrumb\",\"itemListElement\":[{\"@type\":\"ListItem\",\"position\":1,\"name\":\"Home\",\"item\":\"https:\/\/www.sparqbalustrades.nl\/\"},{\"@type\":\"ListItem\",\"position\":2,\"name\":\"Vacatures\",\"item\":\"https:\/\/www.sparqbalustrades.nl\/category\/vacatures\/\"},{\"@type\":\"ListItem\",\"position\":3,\"name\":\"Assistent montage medewerk(st)er\"}]},{\"@type\":\"WebSite\",\"@id\":\"https:\/\/www.sparqbalustrades.nl\/#website\",\"url\":\"https:\/\/www.sparqbalustrades.nl\/\",\"name\":\"SPARQ Balustrades\",\"description\":\"Look Further\",\"publisher\":{\"@id\":\"https:\/\/www.sparqbalustrades.nl\/#organization\"},\"alternateName\":\"De specialist in volglasbalustrades\",\"potentialAction\":[{\"@type\":\"SearchAction\",\"target\":{\"@type\":\"EntryPoint\",\"urlTemplate\":\"https:\/\/www.sparqbalustrades.nl\/?s={search_term_string}\"},\"query-input\":{\"@type\":\"PropertyValueSpecification\",\"valueRequired\":true,\"valueName\":\"search_term_string\"}}],\"inLanguage\":\"fr-FR\"},{\"@type\":\"Organization\",\"@id\":\"https:\/\/www.sparqbalustrades.nl\/#organization\",\"name\":\"SPARQ Balustrades\",\"alternateName\":\"SPARQ Volglasbalustrades\",\"url\":\"https:\/\/www.sparqbalustrades.nl\/\",\"logo\":{\"@type\":\"ImageObject\",\"inLanguage\":\"fr-FR\",\"@id\":\"https:\/\/www.sparqbalustrades.nl\/#\/schema\/logo\/image\/\",\"url\":\"https:\/\/www.sparqbalustrades.nl\/wp-content\/uploads\/2024\/08\/team2024.webp\",\"contentUrl\":\"https:\/\/www.sparqbalustrades.nl\/wp-content\/uploads\/2024\/08\/team2024.webp\",\"width\":1920,\"height\":1080,\"caption\":\"SPARQ Balustrades\"},\"image\":{\"@id\":\"https:\/\/www.sparqbalustrades.nl\/#\/schema\/logo\/image\/\"},\"sameAs\":[\"https:\/\/www.facebook.com\/profile.php?id=100047334683162\",\"https:\/\/www.instagram.com\/sparqbalustrades\/\",\"https:\/\/nl.pinterest.com\/sparq_balustrades\/\",\"https:\/\/www.youtube.com\/channel\/UCJX3WLp4-Tp8NXgbXmxz_2g\",\"https:\/\/www.linkedin.com\/company\/sparq-balustrades\/\"]},{\"@type\":\"Person\",\"@id\":\"https:\/\/www.sparqbalustrades.nl\/#\/schema\/person\/0bc638850200626d3cbfe165c832962c\",\"name\":\"sparq.brulmedia\",\"image\":{\"@type\":\"ImageObject\",\"inLanguage\":\"fr-FR\",\"@id\":\"https:\/\/secure.gravatar.com\/avatar\/f3ffaa8023f5392926d527bddde451dffe78a9ccefcbb4f7a927d4d5e905cada?s=96&d=mm&r=g\",\"url\":\"https:\/\/secure.gravatar.com\/avatar\/f3ffaa8023f5392926d527bddde451dffe78a9ccefcbb4f7a927d4d5e905cada?s=96&d=mm&r=g\",\"contentUrl\":\"https:\/\/secure.gravatar.com\/avatar\/f3ffaa8023f5392926d527bddde451dffe78a9ccefcbb4f7a927d4d5e905cada?s=96&d=mm&r=g\",\"caption\":\"sparq.brulmedia\"},\"sameAs\":[\"https:\/\/www.sparqbalustrades.nl\"]}]}<\/script>\n<!-- \/ Yoast SEO plugin. -->","yoast_head_json":{"title":"SPARQ balustrades | News | Assistant de montage","description":"Les entreprises du secteur de l'agriculture et de l'agroalimentaire ont besoin d'une assistance technique et d'une formation.","robots":{"index":"index","follow":"follow","max-snippet":"max-snippet:-1","max-image-preview":"max-image-preview:large","max-video-preview":"max-video-preview:-1"},"canonical":"https:\/\/www.sparqbalustrades.nl\/fr\/assistant-ouvrier-dassemblage\/","og_locale":"fr_FR","og_type":"article","og_title":"SPARQ balustrades | Nieuws | Assistent montage medewerk(st)er","og_description":"Bekijk het laatste nieuws over onze branche en bedrijf | Assistent montage medewerk(st)er","og_url":"https:\/\/www.sparqbalustrades.nl\/fr\/assistant-ouvrier-dassemblage\/","og_site_name":"SPARQ Balustrades","article_publisher":"https:\/\/www.facebook.com\/profile.php?id=100047334683162","article_published_time":"2024-03-06T08:32:10+00:00","article_modified_time":"2024-09-03T12:56:18+00:00","og_image":[{"width":1920,"height":1080,"url":"https:\/\/www.sparqbalustrades.nl\/wp-content\/uploads\/2024\/08\/team2024.webp","type":"image\/webp"}],"author":"sparq.brulmedia","twitter_card":"summary_large_image","twitter_misc":{"\u00c9crit par":"sparq.brulmedia","Dur\u00e9e de lecture estim\u00e9e":"6 minutes"},"schema":{"@context":"https:\/\/schema.org","@graph":[{"@type":"Article","@id":"https:\/\/www.sparqbalustrades.nl\/assistent-montagemedewerker\/#article","isPartOf":{"@id":"https:\/\/www.sparqbalustrades.nl\/assistent-montagemedewerker\/"},"author":{"name":"sparq.brulmedia","@id":"https:\/\/www.sparqbalustrades.nl\/#\/schema\/person\/0bc638850200626d3cbfe165c832962c"},"headline":"Assistent montage medewerk(st)er","datePublished":"2024-03-06T08:32:10+00:00","dateModified":"2024-09-03T12:56:18+00:00","mainEntityOfPage":{"@id":"https:\/\/www.sparqbalustrades.nl\/assistent-montagemedewerker\/"},"wordCount":1290,"commentCount":16,"publisher":{"@id":"https:\/\/www.sparqbalustrades.nl\/#organization"},"articleSection":["Vacatures"],"inLanguage":"fr-FR","potentialAction":[{"@type":"CommentAction","name":"Comment","target":["https:\/\/www.sparqbalustrades.nl\/assistent-montagemedewerker\/#respond"]}]},{"@type":"WebPage","@id":"https:\/\/www.sparqbalustrades.nl\/assistent-montagemedewerker\/","url":"https:\/\/www.sparqbalustrades.nl\/assistent-montagemedewerker\/","name":"SPARQ balustrades | News | Assistant de montage","isPartOf":{"@id":"https:\/\/www.sparqbalustrades.nl\/#website"},"datePublished":"2024-03-06T08:32:10+00:00","dateModified":"2024-09-03T12:56:18+00:00","description":"Les entreprises du secteur de l'agriculture et de l'agroalimentaire ont besoin d'une assistance technique et d'une formation.","breadcrumb":{"@id":"https:\/\/www.sparqbalustrades.nl\/assistent-montagemedewerker\/#breadcrumb"},"inLanguage":"fr-FR","potentialAction":[{"@type":"ReadAction","target":["https:\/\/www.sparqbalustrades.nl\/assistent-montagemedewerker\/"]}]},{"@type":"BreadcrumbList","@id":"https:\/\/www.sparqbalustrades.nl\/assistent-montagemedewerker\/#breadcrumb","itemListElement":[{"@type":"ListItem","position":1,"name":"Home","item":"https:\/\/www.sparqbalustrades.nl\/"},{"@type":"ListItem","position":2,"name":"Vacatures","item":"https:\/\/www.sparqbalustrades.nl\/category\/vacatures\/"},{"@type":"ListItem","position":3,"name":"Assistent montage medewerk(st)er"}]},{"@type":"WebSite","@id":"https:\/\/www.sparqbalustrades.nl\/#website","url":"https:\/\/www.sparqbalustrades.nl\/","name":"Balustrades SPARQ","description":"Voir plus loin","publisher":{"@id":"https:\/\/www.sparqbalustrades.nl\/#organization"},"alternateName":"De specialist in volglasbalustrades","potentialAction":[{"@type":"SearchAction","target":{"@type":"EntryPoint","urlTemplate":"https:\/\/www.sparqbalustrades.nl\/?s={search_term_string}"},"query-input":{"@type":"PropertyValueSpecification","valueRequired":true,"valueName":"search_term_string"}}],"inLanguage":"fr-FR"},{"@type":"Organization","@id":"https:\/\/www.sparqbalustrades.nl\/#organization","name":"Balustrades SPARQ","alternateName":"SPARQ Volglasbalustrades","url":"https:\/\/www.sparqbalustrades.nl\/","logo":{"@type":"ImageObject","inLanguage":"fr-FR","@id":"https:\/\/www.sparqbalustrades.nl\/#\/schema\/logo\/image\/","url":"https:\/\/www.sparqbalustrades.nl\/wp-content\/uploads\/2024\/08\/team2024.webp","contentUrl":"https:\/\/www.sparqbalustrades.nl\/wp-content\/uploads\/2024\/08\/team2024.webp","width":1920,"height":1080,"caption":"SPARQ Balustrades"},"image":{"@id":"https:\/\/www.sparqbalustrades.nl\/#\/schema\/logo\/image\/"},"sameAs":["https:\/\/www.facebook.com\/profile.php?id=100047334683162","https:\/\/www.instagram.com\/sparqbalustrades\/","https:\/\/nl.pinterest.com\/sparq_balustrades\/","https:\/\/www.youtube.com\/channel\/UCJX3WLp4-Tp8NXgbXmxz_2g","https:\/\/www.linkedin.com\/company\/sparq-balustrades\/"]},{"@type":"Person","@id":"https:\/\/www.sparqbalustrades.nl\/#\/schema\/person\/0bc638850200626d3cbfe165c832962c","name":"sparq.brulmedia","image":{"@type":"ImageObject","inLanguage":"fr-FR","@id":"https:\/\/secure.gravatar.com\/avatar\/f3ffaa8023f5392926d527bddde451dffe78a9ccefcbb4f7a927d4d5e905cada?s=96&d=mm&r=g","url":"https:\/\/secure.gravatar.com\/avatar\/f3ffaa8023f5392926d527bddde451dffe78a9ccefcbb4f7a927d4d5e905cada?s=96&d=mm&r=g","contentUrl":"https:\/\/secure.gravatar.com\/avatar\/f3ffaa8023f5392926d527bddde451dffe78a9ccefcbb4f7a927d4d5e905cada?s=96&d=mm&r=g","caption":"sparq.brulmedia"},"sameAs":["https:\/\/www.sparqbalustrades.nl"]}]}},"_links":{"self":[{"href":"https:\/\/www.sparqbalustrades.nl\/fr\/wp-json\/wp\/v2\/posts\/1","targetHints":{"allow":["GET"]}}],"collection":[{"href":"https:\/\/www.sparqbalustrades.nl\/fr\/wp-json\/wp\/v2\/posts"}],"about":[{"href":"https:\/\/www.sparqbalustrades.nl\/fr\/wp-json\/wp\/v2\/types\/post"}],"author":[{"embeddable":true,"href":"https:\/\/www.sparqbalustrades.nl\/fr\/wp-json\/wp\/v2\/users\/1"}],"replies":[{"embeddable":true,"href":"https:\/\/www.sparqbalustrades.nl\/fr\/wp-json\/wp\/v2\/comments?post=1"}],"version-history":[{"count":4,"href":"https:\/\/www.sparqbalustrades.nl\/fr\/wp-json\/wp\/v2\/posts\/1\/revisions"}],"predecessor-version":[{"id":509,"href":"https:\/\/www.sparqbalustrades.nl\/fr\/wp-json\/wp\/v2\/posts\/1\/revisions\/509"}],"wp:attachment":[{"href":"https:\/\/www.sparqbalustrades.nl\/fr\/wp-json\/wp\/v2\/media?parent=1"}],"wp:term":[{"taxonomy":"category","embeddable":true,"href":"https:\/\/www.sparqbalustrades.nl\/fr\/wp-json\/wp\/v2\/categories?post=1"},{"taxonomy":"post_tag","embeddable":true,"href":"https:\/\/www.sparqbalustrades.nl\/fr\/wp-json\/wp\/v2\/tags?post=1"}],"curies":[{"name":"wp","href":"https:\/\/api.w.org\/{rel}","templated":true}]}}