{"id":2744,"date":"2025-12-09T15:39:29","date_gmt":"2025-12-09T15:39:29","guid":{"rendered":"https:\/\/www.sparqbalustrades.nl\/?p=2744"},"modified":"2025-12-09T15:46:00","modified_gmt":"2025-12-09T15:46:00","slug":"accent-supplementaire-sur-le-verre","status":"publish","type":"post","link":"https:\/\/www.sparqbalustrades.nl\/fr\/extra-aandacht-voor-glas\/","title":{"rendered":"Une attention particuli\u00e8re au verre : pourquoi SPARQ opte pour la s\u00e9curit\u00e9, la qualit\u00e9 et la libert\u00e9 de conception"},"content":{"rendered":"<p><div class=\"fusion-fullwidth fullwidth-box fusion-builder-row-1 fusion-flex-container has-pattern-background has-mask-background fusion-parallax-none nonhundred-percent-fullwidth non-hundred-percent-height-scrolling lazyload\" style=\"--awb-border-radius-top-left:0px;--awb-border-radius-top-right:0px;--awb-border-radius-bottom-right:0px;--awb-border-radius-bottom-left:0px;--awb-padding-top:50px;--awb-padding-bottom:50px;--awb-min-height:500px;--awb-min-height-small:350px;--awb-background-image:linear-gradient(180deg, rgba(255,255,255,0) 0%,rgba(0,0,0,0.6) 100%);;--awb-background-size:cover;--awb-flex-wrap:wrap;\" data-bg=\"https:\/\/www.sparqbalustrades.nl\/wp-content\/uploads\/2025\/12\/glasheadersite.webp\" data-bg-gradient=\"linear-gradient(180deg, rgba(255,255,255,0) 0%,rgba(0,0,0,0.6) 100%)\" ><div class=\"fusion-builder-row fusion-row fusion-flex-align-items-flex-start fusion-flex-align-content-flex-end fusion-flex-content-wrap\" style=\"max-width:1248px;margin-left: calc(-4% \/ 2 );margin-right: calc(-4% \/ 2 );\"><div class=\"fusion-layout-column fusion_builder_column fusion-builder-column-0 fusion_builder_column_2_3 2_3 fusion-flex-column\" style=\"--awb-bg-size:cover;--awb-width-large:66.666666666667%;--awb-margin-top-large:0px;--awb-spacing-right-large:2.88%;--awb-margin-bottom-large:0px;--awb-spacing-left-large:2.88%;--awb-width-medium:66.666666666667%;--awb-order-medium:0;--awb-spacing-right-medium:2.88%;--awb-spacing-left-medium:2.88%;--awb-width-small:100%;--awb-order-small:0;--awb-spacing-right-small:1.92%;--awb-spacing-left-small:1.92%;\"><div class=\"fusion-column-wrapper fusion-column-has-shadow fusion-flex-justify-content-flex-start fusion-content-layout-column\"><div class=\"fusion-text fusion-text-1 blog-single-page-titel\"><h1>Une attention particuli\u00e8re pour le verre : s\u00e9curit\u00e9, qualit\u00e9 et libert\u00e9 de conception<\/h1>\n<\/div><\/div><\/div><\/div><\/div><div class=\"fusion-fullwidth fullwidth-box fusion-builder-row-2 fusion-flex-container has-pattern-background has-mask-background nonhundred-percent-fullwidth non-hundred-percent-height-scrolling\" style=\"--awb-border-radius-top-left:0px;--awb-border-radius-top-right:0px;--awb-border-radius-bottom-right:0px;--awb-border-radius-bottom-left:0px;--awb-padding-top:50px;--awb-padding-bottom:50px;--awb-flex-wrap:wrap;\" ><div class=\"fusion-builder-row fusion-row fusion-flex-align-items-flex-start fusion-flex-justify-content-center fusion-flex-content-wrap\" style=\"max-width:1248px;margin-left: calc(-4% \/ 2 );margin-right: calc(-4% \/ 2 );\"><div class=\"fusion-layout-column fusion_builder_column fusion-builder-column-1 fusion_builder_column_5_6 5_6 fusion-flex-column\" style=\"--awb-bg-size:cover;--awb-width-large:83.333333333333%;--awb-margin-top-large:0px;--awb-spacing-right-large:2.304%;--awb-margin-bottom-large:20px;--awb-spacing-left-large:2.304%;--awb-width-medium:83.333333333333%;--awb-order-medium:0;--awb-spacing-right-medium:2.304%;--awb-spacing-left-medium:2.304%;--awb-width-small:100%;--awb-order-small:0;--awb-spacing-right-small:1.92%;--awb-spacing-left-small:1.92%;\"><div class=\"fusion-column-wrapper fusion-column-has-shadow fusion-flex-justify-content-flex-start fusion-content-layout-column\"><div class=\"fusion-text fusion-text-2\"><p><em>Le verre joue un r\u00f4le de premier plan dans les syst\u00e8mes de balustrades de SPARQ. Il apporte transparence, ouverture et modernit\u00e9 - exactement ce que recherchent les architectes, les clients et les r\u00e9sidents. Mais derri\u00e8re ce mat\u00e9riau apparemment simple se cache un monde de s\u00e9curit\u00e9, de technologie, de r\u00e9glementations et de choix.<br \/>\nSelon Jorrit Spijksma, New Business Developer chez SPARQ Balustrades, le verre est \u201cbien plus qu'un panneau dans un profil\u00e9. C'est un \u00e9l\u00e9ment structurel crucial que vous devez manipuler avec pr\u00e9cision\u201d.\u201d<br \/>\nDans cet article, vous d\u00e9couvrirez comment SPARQ s\u00e9lectionne, applique et optimise le verre pour chaque type de projet - du r\u00e9sidentiel au non r\u00e9sidentiel et des immeubles de faible hauteur aux immeubles de grande hauteur complexes.<\/em><\/p>\n<h2>Un verre qui s'adapte \u00e0 toutes les applications<\/h2>\n<p>SPARQ travaille exclusivement avec du verre feuillet\u00e9 de s\u00e9curit\u00e9. Pour les applications n\u00e9erlandaises, le verre feuillet\u00e9 tremp\u00e9 est presque toujours utilis\u00e9, tandis qu'en Belgique, le verre non tremp\u00e9 avec un film rigide est parfois choisi.<\/p>\n<p>Spijksma explique :<\/p>\n<blockquote>\n<p>\u201cNous allons de 6,6 \u00e0 15,15 et parfois 3\u00d710 mm, l'\u00e9paisseur du verre d\u00e9pendant enti\u00e8rement du but de l'utilisation. Les constructions r\u00e9sidentielles l\u00e9g\u00e8res n\u00e9cessitent un verre plus fin, les espaces publics, au contraire, plus \u00e9pais.\u201d<\/p>\n<\/blockquote>\n<p>L'\u00e9paisseur du verre est d\u00e9termin\u00e9e par :<\/p>\n<ul>\n<li>la fonction de l'espace,<\/li>\n<li>la ligne ou la charge ponctuelle requise,<\/li>\n<li>la hauteur du b\u00e2timent,<\/li>\n<li>pression du vent, en particulier sur la c\u00f4te ou en altitude,<\/li>\n<li>les normes selon NEN et CE.<\/li>\n<\/ul>\n<p>Par exemple, les b\u00e2timents r\u00e9sidentiels peuvent souvent se contenter de 6,6 ou 8,8, tandis que les services publics n\u00e9cessitent 10,10 et les espaces publics 12,12 ou 15,15.<\/p>\n<h2>Les normes et la s\u00e9curit\u00e9 comme point de d\u00e9part<\/h2>\n<p>La s\u00e9curit\u00e9 est toujours au premier plan. Les structures en verre de SPARQ sont conformes aux directives n\u00e9erlandaises et europ\u00e9ennes, y compris la certification CE et les normes de construction en verre applicables.<\/p>\n<blockquote>\n<p>\u201cNous analysons les charges de chaque projet et choisissons ensuite le verre, le profil\u00e9 et la main courante qui, ensemble, offrent les bonnes performances.\u201d<\/p>\n<\/blockquote>\n<p>Les combinaisons de verre ont \u00e9t\u00e9 test\u00e9es en combinaison avec les profils SPARQ, fournissant un calcul justifi\u00e9 pour chaque projet.<\/p>\n<h2>Comment SPARQ g\u00e8re les fractures et la r\u00e9sistance r\u00e9siduelle<\/h2>\n<p>Bien que le verre de s\u00e9curit\u00e9 soit exceptionnellement r\u00e9sistant, une rupture due \u00e0 un impact extr\u00eame ne peut jamais \u00eatre totalement exclue. C'est pourquoi SPARQ opte toujours pour le verre feuillet\u00e9.<\/p>\n<blockquote>\n<p>\u201cAvec le verre feuillet\u00e9, un panneau reste presque toujours intact. Le film maintient les pi\u00e8ces ensemble et pr\u00e9vient les blessures\u201d.\u201d<\/p>\n<\/blockquote>\n<p>Aux Pays-Bas, on utilise du verre tremp\u00e9, tandis que la Belgique opte parfois pour du verre non tremp\u00e9 avec un film plus rigide, ce qui permet d'obtenir des performances \u00e9tonnantes dans des situations sp\u00e9cifiques.<\/p>\n<h2>Les \u00e9paisseurs de verre sont sp\u00e9cifiques \u00e0 chaque projet - jamais standard<\/h2>\n<p>SPARQ offre une flexibilit\u00e9 maximale : toutes les \u00e9paisseurs de verre s'adaptent \u00e0 tous les profils de pinces. Cela permet de d\u00e9terminer la combinaison optimale pour chaque projet.<\/p>\n<blockquote>\n<p>\u201cNous cr\u00e9ons un ensemble de profils, d'\u00e9paisseurs de verre et de feuilles qui r\u00e9pondent \u00e0 la charge de chaque projet.\u201d<\/p>\n<\/blockquote>\n<p>Signification :<\/p>\n<ul>\n<li>libert\u00e9 pour les architectes,<\/li>\n<li>toujours une solution techniquement valable,<\/li>\n<li>un \u00e9quilibre optimal entre le co\u00fbt, la s\u00e9curit\u00e9 et l'esth\u00e9tique.<\/li>\n<li>Choix esth\u00e9tiques : de l'extra-lumineux aux nuances et aux imprim\u00e9s<\/li>\n<\/ul>\n<p>Bien que la majorit\u00e9 des projets soient r\u00e9alis\u00e9s avec du verre clair standard, SPARQ offre de nombreuses variations :<\/p>\n<ul>\n<li>verre extra clair (moins de bord vert),<\/li>\n<li>verre teint\u00e9 gris ou bronze,<br \/>\nverre d\u00e9poli,<\/li>\n<li>les techniques d'impression telles que la s\u00e9rigraphie ou les motifs en quadrichromie,<\/li>\n<li>des films de couleur pour des teintes uniques.<\/li>\n<li>verre color\u00e9 ex-factory<\/li>\n<\/ul>\n<blockquote>\n<p>\u201cAvec les films, vous pouvez cr\u00e9er des milliers de nuances et d'effets, du verre laiteux doux aux couleurs vives\u201d.\u201d<\/p>\n<\/blockquote>\n<p>De nombreux clients optent de toute fa\u00e7on pour la transparence, car elle cr\u00e9e l'ouverture qui fait la r\u00e9putation des balustrades en verre.<\/p>\n<h2>Comment fixer le verre dans le profil\u00e9<\/h2>\n<p>SPARQ utilise un syst\u00e8me de serrage du verre d\u00e9velopp\u00e9 en interne avec des blocs en plastique qui assurent un confinement stable. L'utilisation de blocs variables permet d'adapter diff\u00e9rentes \u00e9paisseurs de verre au m\u00eame profil.<\/p>\n<blockquote>\n<p>\u201cLes joints sont g\u00e9n\u00e9ralement r\u00e9solus sans produit d'\u00e9tanch\u00e9it\u00e9. Nous n'utilisons le mastic que lorsqu'un d\u00e9tail n\u00e9cessite une imperm\u00e9abilisation sp\u00e9cifique.\u201d<\/p>\n<\/blockquote>\n<p>Le choix d'une solution sans kit contribue \u00e0 la durabilit\u00e9 et \u00e0 la facilit\u00e9 d'entretien.<\/p>\n<h2>Stabilit\u00e9 et performance : toujours \u00e9tay\u00e9es par des tests<\/h2>\n<p>La r\u00e9sistance d'une balustrade en verre d\u00e9pend de.. :<\/p>\n<ul>\n<li>l'\u00e9paisseur du verre,<\/li>\n<li>combinaison de films,<\/li>\n<li>le type de profil,<\/li>\n<li>et la structure g\u00e9n\u00e9rale de la construction.<\/li>\n<\/ul>\n<p>SPARQ ne fonctionne qu'avec les configurations de verre pour lesquelles des donn\u00e9es de test sont disponibles. Pensez \u00e0 :<\/p>\n<ul>\n<li>les tests de sacs de sable,<\/li>\n<li>les mesures de charge de ligne,<\/li>\n<li>les essais de d\u00e9flexion.<\/li>\n<\/ul>\n<p>Ces r\u00e9sultats constituent la base des calculs que la SPARQ pr\u00e9pare pour chaque projet. Aux Pays-Bas, chaque projet est justifi\u00e9 par des calculs.<\/p>\n<h2>Prix, aspect et s\u00e9curit\u00e9 : l'\u00e9paisseur du verre a une influence sur tout<\/h2>\n<p>Le verre est un \u00e9l\u00e9ment important dans le co\u00fbt d'une balustrade en verre. Un verre plus \u00e9pais signifie :<\/p>\n<ul>\n<li>prix plus \u00e9lev\u00e9,<\/li>\n<li>une plus grande force,<\/li>\n<li>et parfois un aspect plus robuste.<\/li>\n<\/ul>\n<p>Spijksma nuance joliment ce propos :<\/p>\n<blockquote>\n<p>\u201cPlus c'est \u00e9pais, plus c'est fort, mais ce n'est pas toujours plus joli ou n\u00e9cessaire. L'astuce consiste \u00e0 choisir exactement ce qui convient \u00e0 l'application.\u201d<\/p>\n<\/blockquote>\n<p>Le surdimensionnement n'a pas de sens et peut \u00eatre pr\u00e9judiciable sur le plan esth\u00e9tique.<\/p>\n<h2>D\u00e9veloppement durable : le recyclage du verre devient de plus en plus important<\/h2>\n<p>Le march\u00e9 demande de plus en plus de solutions circulaires. SPARQ y r\u00e9pond activement.<\/p>\n<blockquote>\n<p>\u201cNous avons des projets dans le cadre desquels nous r\u00e9utilisons le verre. Nous travaillons \u00e9galement avec des fabricants qui fournissent du verre de base circulaire\u201d.\u201d<\/p>\n<\/blockquote>\n<p>Le verre est, \u00e0 la base, enti\u00e8rement recyclable, ce qui offre des possibilit\u00e9s int\u00e9ressantes dans le cadre des projets de r\u00e9novation.<\/p>\n<h2>Innovations : le verre solaire, une \u00e9tape prometteuse pour l'avenir<\/h2>\n<p>SPARQ exp\u00e9rimente des balustrades en verre qui g\u00e9n\u00e8rent de l'\u00e9nergie solaire.<\/p>\n<blockquote>\n<p>\u201cNous disposons d'une installation de d\u00e9monstration. C'est une solution merveilleuse pour les immeubles de grande hauteur dont la surface de toit est r\u00e9duite\u201d.\u201d<\/p>\n<\/blockquote>\n<p>Bien que son utilisation ne soit pas encore tr\u00e8s r\u00e9pandue, SPARQ voit un grand potentiel dans les b\u00e2timents o\u00f9 l'int\u00e9gration de l'\u00e9nergie dans les fa\u00e7ades peut s'av\u00e9rer pr\u00e9cieuse.<\/p>\n<h2>Maintenance : simplicit\u00e9 pour les utilisateurs<\/h2>\n<p>Le verre conserve toute sa beaut\u00e9 gr\u00e2ce \u00e0 un nettoyage r\u00e9gulier. En option, SPARQ propose des nanocouches qui facilitent l'entretien. De nombreux r\u00e9sidents se contentent de nettoyer le verre de l'int\u00e9rieur ou de le faire laver si n\u00e9cessaire.<\/p>\n<h2>L'importance d'une consultation pr\u00e9coce<\/h2>\n<p>Les meilleurs r\u00e9sultats sont obtenus lorsque SPARQ est impliqu\u00e9 dans le processus de conception \u00e0 un stade pr\u00e9coce.<\/p>\n<blockquote>\n<p>\u201cPlus nous intervenons t\u00f4t, plus nous pouvons optimiser la construction, la connexion et l'apparence.\u201d<\/p>\n<\/blockquote>\n<p>Cela permet d'\u00e9viter les surprises pendant la construction et donne aux architectes une plus grande libert\u00e9 de conception.<\/p>\n<\/div><\/div><\/div><\/div><\/div><\/p>","protected":false},"excerpt":{"rendered":"<p>Le verre joue un r\u00f4le de premier plan dans les syst\u00e8mes de balustrades de SPARQ. Il apporte transparence, ouverture et modernit\u00e9 - exactement ce que recherchent les architectes, les clients et les r\u00e9sidents. Mais derri\u00e8re ce mat\u00e9riau apparemment simple se cache un monde de s\u00e9curit\u00e9, de technologie, de r\u00e9glementations et de choix.\n<\/p>\n<p style=\"text-align: right\"><a href=\"https:\/\/www.sparqbalustrades.nl\/fr\/accent-supplementaire-sur-le-verre\/\">Lire la suite &gt;&gt;&gt; <\/a><\/p>","protected":false},"author":2,"featured_media":2745,"comment_status":"closed","ping_status":"closed","sticky":false,"template":"","format":"standard","meta":{"footnotes":""},"categories":[1],"tags":[],"class_list":["post-2744","post","type-post","status-publish","format-standard","has-post-thumbnail","hentry","category-nieuws"],"yoast_head":"<!-- This site is optimized with the Yoast SEO plugin v27.2 - https:\/\/yoast.com\/product\/yoast-seo-wordpress\/ -->\n<title>Glas in balustrades: veiligheid, variatie en kwaliteit bij SPARQ<\/title>\n<meta name=\"description\" content=\"Lees hoe SPARQ glas selecteert, berekend en toepast in glasbalustrades. Veiligheidsglas, esthetiek, duurzaamheid en innovaties uitgelegd.\" \/>\n<meta name=\"robots\" content=\"index, follow, max-snippet:-1, max-image-preview:large, max-video-preview:-1\" \/>\n<link rel=\"canonical\" href=\"https:\/\/www.sparqbalustrades.nl\/fr\/accent-supplementaire-sur-le-verre\/\" \/>\n<meta property=\"og:locale\" content=\"fr_FR\" \/>\n<meta property=\"og:type\" content=\"article\" \/>\n<meta property=\"og:title\" content=\"Glas in balustrades: veiligheid, variatie en kwaliteit bij SPARQ\" \/>\n<meta property=\"og:description\" content=\"Lees hoe SPARQ glas selecteert, berekend en toepast in glasbalustrades. Veiligheidsglas, esthetiek, duurzaamheid en innovaties uitgelegd.\" \/>\n<meta property=\"og:url\" content=\"https:\/\/www.sparqbalustrades.nl\/fr\/accent-supplementaire-sur-le-verre\/\" \/>\n<meta property=\"og:site_name\" content=\"SPARQ Balustrades\" \/>\n<meta property=\"article:publisher\" content=\"https:\/\/www.facebook.com\/profile.php?id=100047334683162\" \/>\n<meta property=\"article:published_time\" content=\"2025-12-09T15:39:29+00:00\" \/>\n<meta property=\"article:modified_time\" content=\"2025-12-09T15:46:00+00:00\" \/>\n<meta property=\"og:image\" content=\"https:\/\/www.sparqbalustrades.nl\/wp-content\/uploads\/2025\/12\/glasheadersite.webp\" \/>\n\t<meta property=\"og:image:width\" content=\"1920\" \/>\n\t<meta property=\"og:image:height\" content=\"1080\" \/>\n\t<meta property=\"og:image:type\" content=\"image\/webp\" \/>\n<meta name=\"author\" content=\"Webmaster\" \/>\n<meta name=\"twitter:card\" content=\"summary_large_image\" \/>\n<meta name=\"twitter:label1\" content=\"\u00c9crit par\" \/>\n\t<meta name=\"twitter:data1\" content=\"Webmaster\" \/>\n\t<meta name=\"twitter:label2\" content=\"Dur\u00e9e de lecture estim\u00e9e\" \/>\n\t<meta name=\"twitter:data2\" content=\"4 minutes\" \/>\n<script type=\"application\/ld+json\" class=\"yoast-schema-graph\">{\"@context\":\"https:\/\/schema.org\",\"@graph\":[{\"@type\":\"Article\",\"@id\":\"https:\/\/www.sparqbalustrades.nl\/extra-aandacht-voor-glas\/#article\",\"isPartOf\":{\"@id\":\"https:\/\/www.sparqbalustrades.nl\/extra-aandacht-voor-glas\/\"},\"author\":{\"name\":\"Webmaster\",\"@id\":\"https:\/\/www.sparqbalustrades.nl\/#\/schema\/person\/55c6ab5cf0000ddf6178e4224873f173\"},\"headline\":\"Extra aandacht voor glas: waarom SPARQ kiest voor veiligheid, kwaliteit en vrijheid in ontwerp\",\"datePublished\":\"2025-12-09T15:39:29+00:00\",\"dateModified\":\"2025-12-09T15:46:00+00:00\",\"mainEntityOfPage\":{\"@id\":\"https:\/\/www.sparqbalustrades.nl\/extra-aandacht-voor-glas\/\"},\"wordCount\":1984,\"publisher\":{\"@id\":\"https:\/\/www.sparqbalustrades.nl\/#organization\"},\"image\":{\"@id\":\"https:\/\/www.sparqbalustrades.nl\/extra-aandacht-voor-glas\/#primaryimage\"},\"thumbnailUrl\":\"https:\/\/www.sparqbalustrades.nl\/wp-content\/uploads\/2025\/12\/glasheadersite.webp\",\"articleSection\":[\"Nieuws\"],\"inLanguage\":\"fr-FR\"},{\"@type\":\"WebPage\",\"@id\":\"https:\/\/www.sparqbalustrades.nl\/extra-aandacht-voor-glas\/\",\"url\":\"https:\/\/www.sparqbalustrades.nl\/extra-aandacht-voor-glas\/\",\"name\":\"Glas in balustrades: veiligheid, variatie en kwaliteit bij SPARQ\",\"isPartOf\":{\"@id\":\"https:\/\/www.sparqbalustrades.nl\/#website\"},\"primaryImageOfPage\":{\"@id\":\"https:\/\/www.sparqbalustrades.nl\/extra-aandacht-voor-glas\/#primaryimage\"},\"image\":{\"@id\":\"https:\/\/www.sparqbalustrades.nl\/extra-aandacht-voor-glas\/#primaryimage\"},\"thumbnailUrl\":\"https:\/\/www.sparqbalustrades.nl\/wp-content\/uploads\/2025\/12\/glasheadersite.webp\",\"datePublished\":\"2025-12-09T15:39:29+00:00\",\"dateModified\":\"2025-12-09T15:46:00+00:00\",\"description\":\"Lees hoe SPARQ glas selecteert, berekend en toepast in glasbalustrades. Veiligheidsglas, esthetiek, duurzaamheid en innovaties uitgelegd.\",\"breadcrumb\":{\"@id\":\"https:\/\/www.sparqbalustrades.nl\/extra-aandacht-voor-glas\/#breadcrumb\"},\"inLanguage\":\"fr-FR\",\"potentialAction\":[{\"@type\":\"ReadAction\",\"target\":[\"https:\/\/www.sparqbalustrades.nl\/extra-aandacht-voor-glas\/\"]}]},{\"@type\":\"ImageObject\",\"inLanguage\":\"fr-FR\",\"@id\":\"https:\/\/www.sparqbalustrades.nl\/extra-aandacht-voor-glas\/#primaryimage\",\"url\":\"https:\/\/www.sparqbalustrades.nl\/wp-content\/uploads\/2025\/12\/glasheadersite.webp\",\"contentUrl\":\"https:\/\/www.sparqbalustrades.nl\/wp-content\/uploads\/2025\/12\/glasheadersite.webp\",\"width\":1920,\"height\":1080},{\"@type\":\"BreadcrumbList\",\"@id\":\"https:\/\/www.sparqbalustrades.nl\/extra-aandacht-voor-glas\/#breadcrumb\",\"itemListElement\":[{\"@type\":\"ListItem\",\"position\":1,\"name\":\"Home\",\"item\":\"https:\/\/www.sparqbalustrades.nl\/\"},{\"@type\":\"ListItem\",\"position\":2,\"name\":\"Nieuws\",\"item\":\"https:\/\/www.sparqbalustrades.nl\/category\/nieuws\/\"},{\"@type\":\"ListItem\",\"position\":3,\"name\":\"Extra aandacht voor glas: waarom SPARQ kiest voor veiligheid, kwaliteit en vrijheid in ontwerp\"}]},{\"@type\":\"WebSite\",\"@id\":\"https:\/\/www.sparqbalustrades.nl\/#website\",\"url\":\"https:\/\/www.sparqbalustrades.nl\/\",\"name\":\"SPARQ Balustrades\",\"description\":\"Look Further\",\"publisher\":{\"@id\":\"https:\/\/www.sparqbalustrades.nl\/#organization\"},\"alternateName\":\"De specialist in volglasbalustrades\",\"potentialAction\":[{\"@type\":\"SearchAction\",\"target\":{\"@type\":\"EntryPoint\",\"urlTemplate\":\"https:\/\/www.sparqbalustrades.nl\/?s={search_term_string}\"},\"query-input\":{\"@type\":\"PropertyValueSpecification\",\"valueRequired\":true,\"valueName\":\"search_term_string\"}}],\"inLanguage\":\"fr-FR\"},{\"@type\":\"Organization\",\"@id\":\"https:\/\/www.sparqbalustrades.nl\/#organization\",\"name\":\"SPARQ Balustrades\",\"alternateName\":\"SPARQ Volglasbalustrades\",\"url\":\"https:\/\/www.sparqbalustrades.nl\/\",\"logo\":{\"@type\":\"ImageObject\",\"inLanguage\":\"fr-FR\",\"@id\":\"https:\/\/www.sparqbalustrades.nl\/#\/schema\/logo\/image\/\",\"url\":\"https:\/\/www.sparqbalustrades.nl\/wp-content\/uploads\/2024\/08\/team2024.webp\",\"contentUrl\":\"https:\/\/www.sparqbalustrades.nl\/wp-content\/uploads\/2024\/08\/team2024.webp\",\"width\":1920,\"height\":1080,\"caption\":\"SPARQ Balustrades\"},\"image\":{\"@id\":\"https:\/\/www.sparqbalustrades.nl\/#\/schema\/logo\/image\/\"},\"sameAs\":[\"https:\/\/www.facebook.com\/profile.php?id=100047334683162\",\"https:\/\/www.instagram.com\/sparqbalustrades\/\",\"https:\/\/nl.pinterest.com\/sparq_balustrades\/\",\"https:\/\/www.youtube.com\/channel\/UCJX3WLp4-Tp8NXgbXmxz_2g\",\"https:\/\/www.linkedin.com\/company\/sparq-balustrades\/\"]},{\"@type\":\"Person\",\"@id\":\"https:\/\/www.sparqbalustrades.nl\/#\/schema\/person\/55c6ab5cf0000ddf6178e4224873f173\",\"name\":\"Webmaster\",\"image\":{\"@type\":\"ImageObject\",\"inLanguage\":\"fr-FR\",\"@id\":\"https:\/\/secure.gravatar.com\/avatar\/6749503cb07dc156d8664fdb3d16e2102da50ba522cc0b1bfed165dfb6af86ef?s=96&d=mm&r=g\",\"url\":\"https:\/\/secure.gravatar.com\/avatar\/6749503cb07dc156d8664fdb3d16e2102da50ba522cc0b1bfed165dfb6af86ef?s=96&d=mm&r=g\",\"contentUrl\":\"https:\/\/secure.gravatar.com\/avatar\/6749503cb07dc156d8664fdb3d16e2102da50ba522cc0b1bfed165dfb6af86ef?s=96&d=mm&r=g\",\"caption\":\"Webmaster\"}}]}<\/script>\n<!-- \/ Yoast SEO plugin. -->","yoast_head_json":{"title":"Verre dans les balustrades : s\u00e9curit\u00e9, vari\u00e9t\u00e9 et qualit\u00e9 au SPARQ","description":"D\u00e9couvrez comment SPARQ s\u00e9lectionne, calcule et applique le verre dans les balustrades en verre. Le verre de s\u00e9curit\u00e9, l'esth\u00e9tique, la durabilit\u00e9 et les innovations sont expliqu\u00e9s.","robots":{"index":"index","follow":"follow","max-snippet":"max-snippet:-1","max-image-preview":"max-image-preview:large","max-video-preview":"max-video-preview:-1"},"canonical":"https:\/\/www.sparqbalustrades.nl\/fr\/accent-supplementaire-sur-le-verre\/","og_locale":"fr_FR","og_type":"article","og_title":"Glas in balustrades: veiligheid, variatie en kwaliteit bij SPARQ","og_description":"Lees hoe SPARQ glas selecteert, berekend en toepast in glasbalustrades. Veiligheidsglas, esthetiek, duurzaamheid en innovaties uitgelegd.","og_url":"https:\/\/www.sparqbalustrades.nl\/fr\/accent-supplementaire-sur-le-verre\/","og_site_name":"SPARQ Balustrades","article_publisher":"https:\/\/www.facebook.com\/profile.php?id=100047334683162","article_published_time":"2025-12-09T15:39:29+00:00","article_modified_time":"2025-12-09T15:46:00+00:00","og_image":[{"width":1920,"height":1080,"url":"https:\/\/www.sparqbalustrades.nl\/wp-content\/uploads\/2025\/12\/glasheadersite.webp","type":"image\/webp"}],"author":"Webmaster","twitter_card":"summary_large_image","twitter_misc":{"\u00c9crit par":"Webmaster","Dur\u00e9e de lecture estim\u00e9e":"4 minutes"},"schema":{"@context":"https:\/\/schema.org","@graph":[{"@type":"Article","@id":"https:\/\/www.sparqbalustrades.nl\/extra-aandacht-voor-glas\/#article","isPartOf":{"@id":"https:\/\/www.sparqbalustrades.nl\/extra-aandacht-voor-glas\/"},"author":{"name":"Webmaster","@id":"https:\/\/www.sparqbalustrades.nl\/#\/schema\/person\/55c6ab5cf0000ddf6178e4224873f173"},"headline":"Extra aandacht voor glas: waarom SPARQ kiest voor veiligheid, kwaliteit en vrijheid in ontwerp","datePublished":"2025-12-09T15:39:29+00:00","dateModified":"2025-12-09T15:46:00+00:00","mainEntityOfPage":{"@id":"https:\/\/www.sparqbalustrades.nl\/extra-aandacht-voor-glas\/"},"wordCount":1984,"publisher":{"@id":"https:\/\/www.sparqbalustrades.nl\/#organization"},"image":{"@id":"https:\/\/www.sparqbalustrades.nl\/extra-aandacht-voor-glas\/#primaryimage"},"thumbnailUrl":"https:\/\/www.sparqbalustrades.nl\/wp-content\/uploads\/2025\/12\/glasheadersite.webp","articleSection":["Nieuws"],"inLanguage":"fr-FR"},{"@type":"WebPage","@id":"https:\/\/www.sparqbalustrades.nl\/extra-aandacht-voor-glas\/","url":"https:\/\/www.sparqbalustrades.nl\/extra-aandacht-voor-glas\/","name":"Verre dans les balustrades : s\u00e9curit\u00e9, vari\u00e9t\u00e9 et qualit\u00e9 au SPARQ","isPartOf":{"@id":"https:\/\/www.sparqbalustrades.nl\/#website"},"primaryImageOfPage":{"@id":"https:\/\/www.sparqbalustrades.nl\/extra-aandacht-voor-glas\/#primaryimage"},"image":{"@id":"https:\/\/www.sparqbalustrades.nl\/extra-aandacht-voor-glas\/#primaryimage"},"thumbnailUrl":"https:\/\/www.sparqbalustrades.nl\/wp-content\/uploads\/2025\/12\/glasheadersite.webp","datePublished":"2025-12-09T15:39:29+00:00","dateModified":"2025-12-09T15:46:00+00:00","description":"D\u00e9couvrez comment SPARQ s\u00e9lectionne, calcule et applique le verre dans les balustrades en verre. Le verre de s\u00e9curit\u00e9, l'esth\u00e9tique, la durabilit\u00e9 et les innovations sont expliqu\u00e9s.","breadcrumb":{"@id":"https:\/\/www.sparqbalustrades.nl\/extra-aandacht-voor-glas\/#breadcrumb"},"inLanguage":"fr-FR","potentialAction":[{"@type":"ReadAction","target":["https:\/\/www.sparqbalustrades.nl\/extra-aandacht-voor-glas\/"]}]},{"@type":"ImageObject","inLanguage":"fr-FR","@id":"https:\/\/www.sparqbalustrades.nl\/extra-aandacht-voor-glas\/#primaryimage","url":"https:\/\/www.sparqbalustrades.nl\/wp-content\/uploads\/2025\/12\/glasheadersite.webp","contentUrl":"https:\/\/www.sparqbalustrades.nl\/wp-content\/uploads\/2025\/12\/glasheadersite.webp","width":1920,"height":1080},{"@type":"BreadcrumbList","@id":"https:\/\/www.sparqbalustrades.nl\/extra-aandacht-voor-glas\/#breadcrumb","itemListElement":[{"@type":"ListItem","position":1,"name":"Home","item":"https:\/\/www.sparqbalustrades.nl\/"},{"@type":"ListItem","position":2,"name":"Nieuws","item":"https:\/\/www.sparqbalustrades.nl\/category\/nieuws\/"},{"@type":"ListItem","position":3,"name":"Extra aandacht voor glas: waarom SPARQ kiest voor veiligheid, kwaliteit en vrijheid in ontwerp"}]},{"@type":"WebSite","@id":"https:\/\/www.sparqbalustrades.nl\/#website","url":"https:\/\/www.sparqbalustrades.nl\/","name":"Balustrades SPARQ","description":"Voir plus loin","publisher":{"@id":"https:\/\/www.sparqbalustrades.nl\/#organization"},"alternateName":"De specialist in volglasbalustrades","potentialAction":[{"@type":"SearchAction","target":{"@type":"EntryPoint","urlTemplate":"https:\/\/www.sparqbalustrades.nl\/?s={search_term_string}"},"query-input":{"@type":"PropertyValueSpecification","valueRequired":true,"valueName":"search_term_string"}}],"inLanguage":"fr-FR"},{"@type":"Organization","@id":"https:\/\/www.sparqbalustrades.nl\/#organization","name":"Balustrades SPARQ","alternateName":"SPARQ Volglasbalustrades","url":"https:\/\/www.sparqbalustrades.nl\/","logo":{"@type":"ImageObject","inLanguage":"fr-FR","@id":"https:\/\/www.sparqbalustrades.nl\/#\/schema\/logo\/image\/","url":"https:\/\/www.sparqbalustrades.nl\/wp-content\/uploads\/2024\/08\/team2024.webp","contentUrl":"https:\/\/www.sparqbalustrades.nl\/wp-content\/uploads\/2024\/08\/team2024.webp","width":1920,"height":1080,"caption":"SPARQ Balustrades"},"image":{"@id":"https:\/\/www.sparqbalustrades.nl\/#\/schema\/logo\/image\/"},"sameAs":["https:\/\/www.facebook.com\/profile.php?id=100047334683162","https:\/\/www.instagram.com\/sparqbalustrades\/","https:\/\/nl.pinterest.com\/sparq_balustrades\/","https:\/\/www.youtube.com\/channel\/UCJX3WLp4-Tp8NXgbXmxz_2g","https:\/\/www.linkedin.com\/company\/sparq-balustrades\/"]},{"@type":"Person","@id":"https:\/\/www.sparqbalustrades.nl\/#\/schema\/person\/55c6ab5cf0000ddf6178e4224873f173","name":"Webmaster","image":{"@type":"ImageObject","inLanguage":"fr-FR","@id":"https:\/\/secure.gravatar.com\/avatar\/6749503cb07dc156d8664fdb3d16e2102da50ba522cc0b1bfed165dfb6af86ef?s=96&d=mm&r=g","url":"https:\/\/secure.gravatar.com\/avatar\/6749503cb07dc156d8664fdb3d16e2102da50ba522cc0b1bfed165dfb6af86ef?s=96&d=mm&r=g","contentUrl":"https:\/\/secure.gravatar.com\/avatar\/6749503cb07dc156d8664fdb3d16e2102da50ba522cc0b1bfed165dfb6af86ef?s=96&d=mm&r=g","caption":"Webmaster"}}]}},"_links":{"self":[{"href":"https:\/\/www.sparqbalustrades.nl\/fr\/wp-json\/wp\/v2\/posts\/2744","targetHints":{"allow":["GET"]}}],"collection":[{"href":"https:\/\/www.sparqbalustrades.nl\/fr\/wp-json\/wp\/v2\/posts"}],"about":[{"href":"https:\/\/www.sparqbalustrades.nl\/fr\/wp-json\/wp\/v2\/types\/post"}],"author":[{"embeddable":true,"href":"https:\/\/www.sparqbalustrades.nl\/fr\/wp-json\/wp\/v2\/users\/2"}],"replies":[{"embeddable":true,"href":"https:\/\/www.sparqbalustrades.nl\/fr\/wp-json\/wp\/v2\/comments?post=2744"}],"version-history":[{"count":3,"href":"https:\/\/www.sparqbalustrades.nl\/fr\/wp-json\/wp\/v2\/posts\/2744\/revisions"}],"predecessor-version":[{"id":2751,"href":"https:\/\/www.sparqbalustrades.nl\/fr\/wp-json\/wp\/v2\/posts\/2744\/revisions\/2751"}],"wp:featuredmedia":[{"embeddable":true,"href":"https:\/\/www.sparqbalustrades.nl\/fr\/wp-json\/wp\/v2\/media\/2745"}],"wp:attachment":[{"href":"https:\/\/www.sparqbalustrades.nl\/fr\/wp-json\/wp\/v2\/media?parent=2744"}],"wp:term":[{"taxonomy":"category","embeddable":true,"href":"https:\/\/www.sparqbalustrades.nl\/fr\/wp-json\/wp\/v2\/categories?post=2744"},{"taxonomy":"post_tag","embeddable":true,"href":"https:\/\/www.sparqbalustrades.nl\/fr\/wp-json\/wp\/v2\/tags?post=2744"}],"curies":[{"name":"wp","href":"https:\/\/api.w.org\/{rel}","templated":true}]}}